{"id":1628,"date":"2013-04-11T12:36:50","date_gmt":"2013-04-11T16:36:50","guid":{"rendered":"http:\/\/www.migrate.edwardbacon.com\/blog\/?p=1628"},"modified":"2019-12-01T12:27:16","modified_gmt":"2019-12-01T17:27:16","slug":"iceland-march-12-2013","status":"publish","type":"post","link":"https:\/\/www.edwardbacon.com\/blog\/2013\/04\/iceland-march-12-2013\/","title":{"rendered":"Iceland: March 12, 2013"},"content":{"rendered":"<p>This day in Iceland was all about the ice. We started and ended the day on the black sand beach at&nbsp;J\u00f6kuls\u00e1rl\u00f3n. Ice breaks off the head of&nbsp;Brei\u00f0amerkurj\u00f6kull and floats from the lagoon through a narrow inlet to the sea [<em>s\u00e1rl\u00f3n<\/em>&nbsp;translates to lagoon and&nbsp;<em>kull<\/em>&nbsp;to glacier]. Tides sculpt and drive the ice back onto the beach. Between the beach outings we explored the terminus of three glacial outlets,&nbsp;Fjallsj\u00f6kull,&nbsp;Sv\u00ednafellsj\u00f6kull and Skaftafellsj\u00f6kull. This included entering ice caves with the skilled guide <a title=\"Einar guide\" href=\"http:\/\/localguide.is\/localguide\/Local_Guide.html\" target=\"_blank\" rel=\"noopener noreferrer\">Einar Sigur\u00f0sson<\/a><\/p>\n<div class=\"tiled-gallery type-rectangular tiled-gallery-unresized\" data-original-width=\"1170\" data-carousel-extra='null' itemscope itemtype=\"http:\/\/schema.org\/ImageGallery\" > <div class=\"gallery-row\" style=\"width: 1170px; height: 215px;\" data-original-width=\"1170\" data-original-height=\"215\" > <div class=\"gallery-group images-1\" style=\"width: 507px; height: 215px;\" data-original-width=\"507\" data-original-height=\"215\" > <div class=\"tiled-gallery-item tiled-gallery-item-large\" itemprop=\"associatedMedia\" itemscope itemtype=\"http:\/\/schema.org\/ImageObject\"> <a href=\"https:\/\/www.edwardbacon.com\/blog\/2013\/04\/iceland-march-12-2013\/wpid-iceland-8140_edit_2157-jpg\/\" border=\"0\" itemprop=\"url\"> <meta itemprop=\"width\" content=\"503\"> <meta itemprop=\"height\" content=\"211\"> <img decoding=\"async\" class=\"\" data-attachment-id=\"1610\" data-orig-file=\"https:\/\/www.edwardbacon.com\/blog\/wp-content\/uploads\/2013\/04\/wpid-Iceland-8140_Edit_2157.jpg\" data-orig-size=\"900,377\" data-comments-opened=\"1\" data-image-meta=\"{&quot;aperture&quot;:&quot;22&quot;,&quot;credit&quot;:&quot;Edward F. Bacon&quot;,&quot;camera&quot;:&quot;Canon EOS-1D Mark IV&quot;,&quot;caption&quot;:&quot;J\\u00f6kuls\\u00e1rl\\u00f3n (literally \\u0022glacial river lagoon\\u0022) is a large glacial lagoon in southeast Iceland, on the borders of Vatnaj\\u00f6kull National Park. Situated at the head of Brei\\u00f0amerkurj\\u00f6kull, it evolved into a lagoon after the glacier started receding from the edge of the Atlantic Ocean.&quot;,&quot;created_timestamp&quot;:&quot;1363056433&quot;,&quot;copyright&quot;:&quot;\\u00a92013 Edward F. Bacon \\\/ Nantmeal Village, PA \\\/ All Rights Reserved&quot;,&quot;focal_length&quot;:&quot;17&quot;,&quot;iso&quot;:&quot;100&quot;,&quot;shutter_speed&quot;:&quot;0.3&quot;,&quot;title&quot;:&quot;J\\u00f6kuls\\u00e1rl\\u00f3n beach&quot;,&quot;orientation&quot;:&quot;0&quot;}\" data-image-title=\"Sunrise J\u00f6kuls\u00e1rl\u00f3n beach\" data-image-description=\"\" data-medium-file=\"https:\/\/i0.wp.com\/www.edwardbacon.com\/blog\/wp-content\/uploads\/2013\/04\/wpid-Iceland-8140_Edit_2157.jpg?fit=620%2C260&#038;ssl=1\" data-large-file=\"https:\/\/i0.wp.com\/www.edwardbacon.com\/blog\/wp-content\/uploads\/2013\/04\/wpid-Iceland-8140_Edit_2157.jpg?fit=900%2C377&#038;ssl=1\" src=\"https:\/\/i0.wp.com\/www.edwardbacon.com\/blog\/wp-content\/uploads\/2013\/04\/wpid-Iceland-8140_Edit_2157.jpg?w=503&#038;h=211&#038;ssl=1\" srcset=\"https:\/\/i0.wp.com\/www.edwardbacon.com\/blog\/wp-content\/uploads\/2013\/04\/wpid-Iceland-8140_Edit_2157.jpg?w=900&amp;ssl=1 900w, https:\/\/i0.wp.com\/www.edwardbacon.com\/blog\/wp-content\/uploads\/2013\/04\/wpid-Iceland-8140_Edit_2157.jpg?resize=620%2C260&amp;ssl=1 620w, https:\/\/i0.wp.com\/www.edwardbacon.com\/blog\/wp-content\/uploads\/2013\/04\/wpid-Iceland-8140_Edit_2157.jpg?resize=768%2C322&amp;ssl=1 768w, https:\/\/i0.wp.com\/www.edwardbacon.com\/blog\/wp-content\/uploads\/2013\/04\/wpid-Iceland-8140_Edit_2157.jpg?resize=570%2C239&amp;ssl=1 570w\" width=\"503\" height=\"211\" loading=\"lazy\" data-original-width=\"503\" data-original-height=\"211\" itemprop=\"http:\/\/schema.org\/image\" title=\"Sunrise J\u00f6kuls\u00e1rl\u00f3n beach\" alt=\"Sunrise J\u00f6kuls\u00e1rl\u00f3n beach\" style=\"width: 503px; height: 211px;\" \/> <\/a> <\/div> <\/div> <!-- close group --> <div class=\"gallery-group images-1\" style=\"width: 343px; height: 215px;\" data-original-width=\"343\" data-original-height=\"215\" > <div class=\"tiled-gallery-item tiled-gallery-item-large\" itemprop=\"associatedMedia\" itemscope itemtype=\"http:\/\/schema.org\/ImageObject\"> <a href=\"https:\/\/www.edwardbacon.com\/blog\/2013\/04\/iceland-march-12-2013\/wpid-iceland-8174_edit_2161-jpg\/\" border=\"0\" itemprop=\"url\"> <meta itemprop=\"width\" content=\"339\"> <meta itemprop=\"height\" content=\"211\"> <img decoding=\"async\" class=\"\" data-attachment-id=\"1611\" data-orig-file=\"https:\/\/www.edwardbacon.com\/blog\/wp-content\/uploads\/2013\/04\/wpid-Iceland-8174_Edit_2161.jpg\" data-orig-size=\"900,558\" data-comments-opened=\"1\" data-image-meta=\"{&quot;aperture&quot;:&quot;22&quot;,&quot;credit&quot;:&quot;Edward F. Bacon&quot;,&quot;camera&quot;:&quot;Canon EOS-1D Mark IV&quot;,&quot;caption&quot;:&quot;J\\u00f6kuls\\u00e1rl\\u00f3n (literally \\u0022glacial river lagoon\\u0022) is a large glacial lagoon in southeast Iceland, on the borders of Vatnaj\\u00f6kull National Park. Situated at the head of Brei\\u00f0amerkurj\\u00f6kull, it evolved into a lagoon after the glacier started receding from the edge of the Atlantic Ocean.&quot;,&quot;created_timestamp&quot;:&quot;1363057159&quot;,&quot;copyright&quot;:&quot;\\u00a92013 Edward F. Bacon \\\/ Nantmeal Village, PA \\\/ All Rights Reserved&quot;,&quot;focal_length&quot;:&quot;17&quot;,&quot;iso&quot;:&quot;100&quot;,&quot;shutter_speed&quot;:&quot;0.025&quot;,&quot;title&quot;:&quot;J\\u00f6kuls\\u00e1rl\\u00f3n beach&quot;,&quot;orientation&quot;:&quot;0&quot;}\" data-image-title=\"Sunrise J\u00f6kuls\u00e1rl\u00f3n beach\" data-image-description=\"\" data-medium-file=\"https:\/\/i0.wp.com\/www.edwardbacon.com\/blog\/wp-content\/uploads\/2013\/04\/wpid-Iceland-8174_Edit_2161.jpg?fit=620%2C384&#038;ssl=1\" data-large-file=\"https:\/\/i0.wp.com\/www.edwardbacon.com\/blog\/wp-content\/uploads\/2013\/04\/wpid-Iceland-8174_Edit_2161.jpg?fit=900%2C558&#038;ssl=1\" src=\"https:\/\/i0.wp.com\/www.edwardbacon.com\/blog\/wp-content\/uploads\/2013\/04\/wpid-Iceland-8174_Edit_2161.jpg?w=339&#038;h=211&#038;ssl=1\" srcset=\"https:\/\/i0.wp.com\/www.edwardbacon.com\/blog\/wp-content\/uploads\/2013\/04\/wpid-Iceland-8174_Edit_2161.jpg?w=900&amp;ssl=1 900w, https:\/\/i0.wp.com\/www.edwardbacon.com\/blog\/wp-content\/uploads\/2013\/04\/wpid-Iceland-8174_Edit_2161.jpg?resize=620%2C384&amp;ssl=1 620w, https:\/\/i0.wp.com\/www.edwardbacon.com\/blog\/wp-content\/uploads\/2013\/04\/wpid-Iceland-8174_Edit_2161.jpg?resize=768%2C476&amp;ssl=1 768w, https:\/\/i0.wp.com\/www.edwardbacon.com\/blog\/wp-content\/uploads\/2013\/04\/wpid-Iceland-8174_Edit_2161.jpg?resize=570%2C353&amp;ssl=1 570w\" width=\"339\" height=\"211\" loading=\"lazy\" data-original-width=\"339\" data-original-height=\"211\" itemprop=\"http:\/\/schema.org\/image\" title=\"Sunrise J\u00f6kuls\u00e1rl\u00f3n beach\" alt=\"Sunrise J\u00f6kuls\u00e1rl\u00f3n beach\" style=\"width: 339px; height: 211px;\" \/> <\/a> <\/div> <\/div> <!-- close group --> <div class=\"gallery-group images-1\" style=\"width: 320px; height: 215px;\" data-original-width=\"320\" data-original-height=\"215\" > <div class=\"tiled-gallery-item tiled-gallery-item-large\" itemprop=\"associatedMedia\" itemscope itemtype=\"http:\/\/schema.org\/ImageObject\"> <a href=\"https:\/\/www.edwardbacon.com\/blog\/2013\/04\/iceland-march-12-2013\/wpid-iceland-8212_edit_2163-jpg\/\" border=\"0\" itemprop=\"url\"> <meta itemprop=\"width\" content=\"316\"> <meta itemprop=\"height\" content=\"211\"> <img decoding=\"async\" class=\"\" data-attachment-id=\"1612\" data-orig-file=\"https:\/\/www.edwardbacon.com\/blog\/wp-content\/uploads\/2013\/04\/wpid-Iceland-8212_Edit_2163.jpg\" data-orig-size=\"900,600\" data-comments-opened=\"1\" data-image-meta=\"{&quot;aperture&quot;:&quot;8&quot;,&quot;credit&quot;:&quot;Edward F. Bacon&quot;,&quot;camera&quot;:&quot;Canon EOS-1D Mark IV&quot;,&quot;caption&quot;:&quot;J\\u00f6kuls\\u00e1rl\\u00f3n (literally \\u0022glacial river lagoon\\u0022) is a large glacial lagoon in southeast Iceland, on the borders of Vatnaj\\u00f6kull National Park. Situated at the head of Brei\\u00f0amerkurj\\u00f6kull, it evolved into a lagoon after the glacier started receding from the edge of the Atlantic Ocean.&quot;,&quot;created_timestamp&quot;:&quot;1363057941&quot;,&quot;copyright&quot;:&quot;\\u00a92013 Edward F. Bacon \\\/ Nantmeal Village, PA \\\/ All Rights Reserved&quot;,&quot;focal_length&quot;:&quot;17&quot;,&quot;iso&quot;:&quot;200&quot;,&quot;shutter_speed&quot;:&quot;0.008&quot;,&quot;title&quot;:&quot;J\\u00f6kuls\\u00e1rl\\u00f3n beach&quot;,&quot;orientation&quot;:&quot;0&quot;}\" data-image-title=\"Sunrise J\u00f6kuls\u00e1rl\u00f3n beach\" data-image-description=\"\" data-medium-file=\"https:\/\/i0.wp.com\/www.edwardbacon.com\/blog\/wp-content\/uploads\/2013\/04\/wpid-Iceland-8212_Edit_2163.jpg?fit=620%2C413&#038;ssl=1\" data-large-file=\"https:\/\/i0.wp.com\/www.edwardbacon.com\/blog\/wp-content\/uploads\/2013\/04\/wpid-Iceland-8212_Edit_2163.jpg?fit=900%2C600&#038;ssl=1\" src=\"https:\/\/i0.wp.com\/www.edwardbacon.com\/blog\/wp-content\/uploads\/2013\/04\/wpid-Iceland-8212_Edit_2163.jpg?w=316&#038;h=211&#038;ssl=1\" srcset=\"https:\/\/i0.wp.com\/www.edwardbacon.com\/blog\/wp-content\/uploads\/2013\/04\/wpid-Iceland-8212_Edit_2163.jpg?w=900&amp;ssl=1 900w, https:\/\/i0.wp.com\/www.edwardbacon.com\/blog\/wp-content\/uploads\/2013\/04\/wpid-Iceland-8212_Edit_2163.jpg?resize=620%2C413&amp;ssl=1 620w, https:\/\/i0.wp.com\/www.edwardbacon.com\/blog\/wp-content\/uploads\/2013\/04\/wpid-Iceland-8212_Edit_2163.jpg?resize=768%2C512&amp;ssl=1 768w, https:\/\/i0.wp.com\/www.edwardbacon.com\/blog\/wp-content\/uploads\/2013\/04\/wpid-Iceland-8212_Edit_2163.jpg?resize=570%2C380&amp;ssl=1 570w\" width=\"316\" height=\"211\" loading=\"lazy\" data-original-width=\"316\" data-original-height=\"211\" itemprop=\"http:\/\/schema.org\/image\" title=\"Sunrise J\u00f6kuls\u00e1rl\u00f3n beach\" alt=\"Sunrise J\u00f6kuls\u00e1rl\u00f3n beach\" style=\"width: 316px; height: 211px;\" \/> <\/a> <\/div> <\/div> <!-- close group --> <\/div> <!-- close row --> <div class=\"gallery-row\" style=\"width: 1170px; height: 303px;\" data-original-width=\"1170\" data-original-height=\"303\" > <div class=\"gallery-group images-1\" style=\"width: 452px; height: 303px;\" data-original-width=\"452\" data-original-height=\"303\" > <div class=\"tiled-gallery-item tiled-gallery-item-large\" itemprop=\"associatedMedia\" itemscope itemtype=\"http:\/\/schema.org\/ImageObject\"> <a href=\"https:\/\/www.edwardbacon.com\/blog\/2013\/04\/iceland-march-12-2013\/wpid-iceland-8220_edit_2164-jpg\/\" border=\"0\" itemprop=\"url\"> <meta itemprop=\"width\" content=\"448\"> <meta itemprop=\"height\" content=\"299\"> <img decoding=\"async\" class=\"\" data-attachment-id=\"1613\" data-orig-file=\"https:\/\/www.edwardbacon.com\/blog\/wp-content\/uploads\/2013\/04\/wpid-Iceland-8220_Edit_2164.jpg\" data-orig-size=\"900,600\" data-comments-opened=\"1\" data-image-meta=\"{&quot;aperture&quot;:&quot;8&quot;,&quot;credit&quot;:&quot;Edward F. Bacon&quot;,&quot;camera&quot;:&quot;Canon EOS-1D Mark IV&quot;,&quot;caption&quot;:&quot;J\\u00f6kuls\\u00e1rl\\u00f3n (literally \\u0022glacial river lagoon\\u0022) is a large glacial lagoon in southeast Iceland, on the borders of Vatnaj\\u00f6kull National Park. Situated at the head of Brei\\u00f0amerkurj\\u00f6kull, it evolved into a lagoon after the glacier started receding from the edge of the Atlantic Ocean.&quot;,&quot;created_timestamp&quot;:&quot;1363058075&quot;,&quot;copyright&quot;:&quot;\\u00a92013 Edward F. Bacon \\\/ Nantmeal Village, PA \\\/ All Rights Reserved&quot;,&quot;focal_length&quot;:&quot;32&quot;,&quot;iso&quot;:&quot;200&quot;,&quot;shutter_speed&quot;:&quot;0.004&quot;,&quot;title&quot;:&quot;J\\u00f6kuls\\u00e1rl\\u00f3n beach&quot;,&quot;orientation&quot;:&quot;0&quot;}\" data-image-title=\"Sunrise J\u00f6kuls\u00e1rl\u00f3n beach\" data-image-description=\"\" data-medium-file=\"https:\/\/i0.wp.com\/www.edwardbacon.com\/blog\/wp-content\/uploads\/2013\/04\/wpid-Iceland-8220_Edit_2164.jpg?fit=620%2C413&#038;ssl=1\" data-large-file=\"https:\/\/i0.wp.com\/www.edwardbacon.com\/blog\/wp-content\/uploads\/2013\/04\/wpid-Iceland-8220_Edit_2164.jpg?fit=900%2C600&#038;ssl=1\" src=\"https:\/\/i0.wp.com\/www.edwardbacon.com\/blog\/wp-content\/uploads\/2013\/04\/wpid-Iceland-8220_Edit_2164.jpg?w=448&#038;h=299&#038;ssl=1\" srcset=\"https:\/\/i0.wp.com\/www.edwardbacon.com\/blog\/wp-content\/uploads\/2013\/04\/wpid-Iceland-8220_Edit_2164.jpg?w=900&amp;ssl=1 900w, https:\/\/i0.wp.com\/www.edwardbacon.com\/blog\/wp-content\/uploads\/2013\/04\/wpid-Iceland-8220_Edit_2164.jpg?resize=620%2C413&amp;ssl=1 620w, https:\/\/i0.wp.com\/www.edwardbacon.com\/blog\/wp-content\/uploads\/2013\/04\/wpid-Iceland-8220_Edit_2164.jpg?resize=768%2C512&amp;ssl=1 768w, https:\/\/i0.wp.com\/www.edwardbacon.com\/blog\/wp-content\/uploads\/2013\/04\/wpid-Iceland-8220_Edit_2164.jpg?resize=570%2C380&amp;ssl=1 570w\" width=\"448\" height=\"299\" loading=\"lazy\" data-original-width=\"448\" data-original-height=\"299\" itemprop=\"http:\/\/schema.org\/image\" title=\"Sunrise J\u00f6kuls\u00e1rl\u00f3n beach\" alt=\"Sunrise J\u00f6kuls\u00e1rl\u00f3n beach\" style=\"width: 448px; height: 299px;\" \/> <\/a> <\/div> <\/div> <!-- close group --> <div class=\"gallery-group images-1\" style=\"width: 718px; height: 303px;\" data-original-width=\"718\" data-original-height=\"303\" > <div class=\"tiled-gallery-item tiled-gallery-item-large\" itemprop=\"associatedMedia\" itemscope itemtype=\"http:\/\/schema.org\/ImageObject\"> <a href=\"https:\/\/www.edwardbacon.com\/blog\/2013\/04\/iceland-march-12-2013\/wpid-iceland-8243-jpg\/\" border=\"0\" itemprop=\"url\"> <meta itemprop=\"width\" content=\"714\"> <meta itemprop=\"height\" content=\"299\"> <img decoding=\"async\" class=\"\" data-attachment-id=\"1614\" data-orig-file=\"https:\/\/www.edwardbacon.com\/blog\/wp-content\/uploads\/2013\/04\/wpid-Iceland-8243.jpg\" data-orig-size=\"900,377\" data-comments-opened=\"1\" data-image-meta=\"{&quot;aperture&quot;:&quot;8&quot;,&quot;credit&quot;:&quot;Edward F. Bacon&quot;,&quot;camera&quot;:&quot;Canon EOS-1D Mark IV&quot;,&quot;caption&quot;:&quot;Fjalls\\u00e1rl\\u00f3n is a glacier lake at the south end of the Icelandic glacier Vatnaj\\u00f6kull. Fjallsj\\u00f6kull which is part of the bigger glacier reaches down to the water of the lake and some ice-bergs are drifting by on its surface.\\rIt is situated not far from Skaftafell National Park and the better known glacier lake J\\u00f6kuls\\u00e1rl\\u00f3n. From the glacier lake Brei\\u00f0\\u00e1rl\\u00f3n a little river flows into the Fjalls\\u00e1rl\\u00f3n.\\rAbove, there is looming the famous volcano \\u00d6r\\u00e6faj\\u00f6kull.&quot;,&quot;created_timestamp&quot;:&quot;1363060184&quot;,&quot;copyright&quot;:&quot;\\u00a92013 Edward F. Bacon \\\/ Nantmeal Village, PA \\\/ All Rights Reserved&quot;,&quot;focal_length&quot;:&quot;200&quot;,&quot;iso&quot;:&quot;200&quot;,&quot;shutter_speed&quot;:&quot;0.0025&quot;,&quot;title&quot;:&quot;Fjalls\\u00e1rl\\u00f3n&quot;,&quot;orientation&quot;:&quot;0&quot;}\" data-image-title=\"Fjallsj\u00f6kull glacier\" data-image-description=\"\" data-medium-file=\"https:\/\/i0.wp.com\/www.edwardbacon.com\/blog\/wp-content\/uploads\/2013\/04\/wpid-Iceland-8243.jpg?fit=620%2C260&#038;ssl=1\" data-large-file=\"https:\/\/i0.wp.com\/www.edwardbacon.com\/blog\/wp-content\/uploads\/2013\/04\/wpid-Iceland-8243.jpg?fit=900%2C377&#038;ssl=1\" src=\"https:\/\/i0.wp.com\/www.edwardbacon.com\/blog\/wp-content\/uploads\/2013\/04\/wpid-Iceland-8243.jpg?w=714&#038;h=299&#038;ssl=1\" srcset=\"https:\/\/i0.wp.com\/www.edwardbacon.com\/blog\/wp-content\/uploads\/2013\/04\/wpid-Iceland-8243.jpg?w=900&amp;ssl=1 900w, https:\/\/i0.wp.com\/www.edwardbacon.com\/blog\/wp-content\/uploads\/2013\/04\/wpid-Iceland-8243.jpg?resize=620%2C260&amp;ssl=1 620w, https:\/\/i0.wp.com\/www.edwardbacon.com\/blog\/wp-content\/uploads\/2013\/04\/wpid-Iceland-8243.jpg?resize=768%2C322&amp;ssl=1 768w, https:\/\/i0.wp.com\/www.edwardbacon.com\/blog\/wp-content\/uploads\/2013\/04\/wpid-Iceland-8243.jpg?resize=570%2C239&amp;ssl=1 570w\" width=\"714\" height=\"299\" loading=\"lazy\" data-original-width=\"714\" data-original-height=\"299\" itemprop=\"http:\/\/schema.org\/image\" title=\"Fjallsj\u00f6kull glacier\" alt=\"Early morning light on the wall of the glacier mouth of Fjallsj\u00f6kull, a southern outlet glacier for Vatnaj\u00f6kull.\" style=\"width: 714px; height: 299px;\" \/> <\/a> <div class=\"tiled-gallery-caption\" itemprop=\"caption description\"> Early morning light on the wall of the glacier mouth of Fjallsj\u00f6kull, a southern outlet glacier for Vatnaj\u00f6kull. <\/div> <\/div> <\/div> <!-- close group --> <\/div> <!-- close row --> <div class=\"gallery-row\" style=\"width: 1170px; height: 492px;\" data-original-width=\"1170\" data-original-height=\"492\" > <div class=\"gallery-group images-1\" style=\"width: 1170px; height: 492px;\" data-original-width=\"1170\" data-original-height=\"492\" > <div class=\"tiled-gallery-item tiled-gallery-item-large\" itemprop=\"associatedMedia\" itemscope itemtype=\"http:\/\/schema.org\/ImageObject\"> <a href=\"https:\/\/www.edwardbacon.com\/blog\/2013\/04\/iceland-march-12-2013\/wpid-iceland-8245-jpg\/\" border=\"0\" itemprop=\"url\"> <meta itemprop=\"width\" content=\"1166\"> <meta itemprop=\"height\" content=\"488\"> <img decoding=\"async\" class=\"\" data-attachment-id=\"1615\" data-orig-file=\"https:\/\/www.edwardbacon.com\/blog\/wp-content\/uploads\/2013\/04\/wpid-Iceland-8245.jpg\" data-orig-size=\"900,377\" data-comments-opened=\"1\" data-image-meta=\"{&quot;aperture&quot;:&quot;8&quot;,&quot;credit&quot;:&quot;Edward F. Bacon&quot;,&quot;camera&quot;:&quot;Canon EOS-1D Mark IV&quot;,&quot;caption&quot;:&quot;Fjalls\\u00e1rl\\u00f3n is a glacier lake at the south end of the Icelandic glacier Vatnaj\\u00f6kull. Fjallsj\\u00f6kull which is part of the bigger glacier reaches down to the water of the lake and some ice-bergs are drifting by on its surface.\\rIt is situated not far from Skaftafell National Park and the better known glacier lake J\\u00f6kuls\\u00e1rl\\u00f3n. From the glacier lake Brei\\u00f0\\u00e1rl\\u00f3n a little river flows into the Fjalls\\u00e1rl\\u00f3n.\\rAbove, there is looming the famous volcano \\u00d6r\\u00e6faj\\u00f6kull.&quot;,&quot;created_timestamp&quot;:&quot;1363060194&quot;,&quot;copyright&quot;:&quot;\\u00a92013 Edward F. Bacon \\\/ Nantmeal Village, PA \\\/ All Rights Reserved&quot;,&quot;focal_length&quot;:&quot;200&quot;,&quot;iso&quot;:&quot;200&quot;,&quot;shutter_speed&quot;:&quot;0.003125&quot;,&quot;title&quot;:&quot;Fjalls\\u00e1rl\\u00f3n&quot;,&quot;orientation&quot;:&quot;0&quot;}\" data-image-title=\"Fjallsj\u00f6kull glacier\" data-image-description=\"\" data-medium-file=\"https:\/\/i0.wp.com\/www.edwardbacon.com\/blog\/wp-content\/uploads\/2013\/04\/wpid-Iceland-8245.jpg?fit=620%2C260&#038;ssl=1\" data-large-file=\"https:\/\/i0.wp.com\/www.edwardbacon.com\/blog\/wp-content\/uploads\/2013\/04\/wpid-Iceland-8245.jpg?fit=900%2C377&#038;ssl=1\" src=\"https:\/\/i0.wp.com\/www.edwardbacon.com\/blog\/wp-content\/uploads\/2013\/04\/wpid-Iceland-8245.jpg?w=1166&#038;h=488&#038;ssl=1\" srcset=\"https:\/\/i0.wp.com\/www.edwardbacon.com\/blog\/wp-content\/uploads\/2013\/04\/wpid-Iceland-8245.jpg?w=900&amp;ssl=1 900w, https:\/\/i0.wp.com\/www.edwardbacon.com\/blog\/wp-content\/uploads\/2013\/04\/wpid-Iceland-8245.jpg?resize=620%2C260&amp;ssl=1 620w, https:\/\/i0.wp.com\/www.edwardbacon.com\/blog\/wp-content\/uploads\/2013\/04\/wpid-Iceland-8245.jpg?resize=768%2C322&amp;ssl=1 768w, https:\/\/i0.wp.com\/www.edwardbacon.com\/blog\/wp-content\/uploads\/2013\/04\/wpid-Iceland-8245.jpg?resize=570%2C239&amp;ssl=1 570w\" width=\"1166\" height=\"488\" loading=\"lazy\" data-original-width=\"1166\" data-original-height=\"488\" itemprop=\"http:\/\/schema.org\/image\" title=\"Fjallsj\u00f6kull glacier\" alt=\"Early morning light on the wall of the glacier mouth of Fjallsj\u00f6kull, a southern outlet glacier for Vatnaj\u00f6kull.\" style=\"width: 1166px; height: 488px;\" \/> <\/a> <div class=\"tiled-gallery-caption\" itemprop=\"caption description\"> Early morning light on the wall of the glacier mouth of Fjallsj\u00f6kull, a southern outlet glacier for Vatnaj\u00f6kull. <\/div> <\/div> <\/div> <!-- close group --> <\/div> <!-- close row --> <div class=\"gallery-row\" style=\"width: 1170px; height: 566px;\" data-original-width=\"1170\" data-original-height=\"566\" > <div class=\"gallery-group images-1\" style=\"width: 1170px; height: 566px;\" data-original-width=\"1170\" data-original-height=\"566\" > <div class=\"tiled-gallery-item tiled-gallery-item-large\" itemprop=\"associatedMedia\" itemscope itemtype=\"http:\/\/schema.org\/ImageObject\"> <a href=\"https:\/\/www.edwardbacon.com\/blog\/2013\/04\/iceland-march-12-2013\/wpid-iceland-8246-jpg\/\" border=\"0\" itemprop=\"url\"> <meta itemprop=\"width\" content=\"1166\"> <meta itemprop=\"height\" content=\"562\"> <img decoding=\"async\" class=\"\" data-attachment-id=\"1616\" data-orig-file=\"https:\/\/www.edwardbacon.com\/blog\/wp-content\/uploads\/2013\/04\/wpid-Iceland-8246.jpg\" data-orig-size=\"900,434\" data-comments-opened=\"1\" data-image-meta=\"{&quot;aperture&quot;:&quot;8&quot;,&quot;credit&quot;:&quot;Edward F. Bacon&quot;,&quot;camera&quot;:&quot;Canon EOS-1D Mark IV&quot;,&quot;caption&quot;:&quot;Fjalls\\u00e1rl\\u00f3n is a glacier lake at the south end of the Icelandic glacier Vatnaj\\u00f6kull. Fjallsj\\u00f6kull which is part of the bigger glacier reaches down to the water of the lake and some ice-bergs are drifting by on its surface.\\rIt is situated not far from Skaftafell National Park and the better known glacier lake J\\u00f6kuls\\u00e1rl\\u00f3n. From the glacier lake Brei\\u00f0\\u00e1rl\\u00f3n a little river flows into the Fjalls\\u00e1rl\\u00f3n.\\rAbove, there is looming the famous volcano \\u00d6r\\u00e6faj\\u00f6kull.&quot;,&quot;created_timestamp&quot;:&quot;1363060269&quot;,&quot;copyright&quot;:&quot;\\u00a92013 Edward F. Bacon \\\/ Nantmeal Village, PA \\\/ All Rights Reserved&quot;,&quot;focal_length&quot;:&quot;165&quot;,&quot;iso&quot;:&quot;200&quot;,&quot;shutter_speed&quot;:&quot;0.0015625&quot;,&quot;title&quot;:&quot;Fjalls\\u00e1rl\\u00f3n&quot;,&quot;orientation&quot;:&quot;0&quot;}\" data-image-title=\"Fjallsj\u00f6kull glacier\" data-image-description=\"\" data-medium-file=\"https:\/\/i0.wp.com\/www.edwardbacon.com\/blog\/wp-content\/uploads\/2013\/04\/wpid-Iceland-8246.jpg?fit=620%2C299&#038;ssl=1\" data-large-file=\"https:\/\/i0.wp.com\/www.edwardbacon.com\/blog\/wp-content\/uploads\/2013\/04\/wpid-Iceland-8246.jpg?fit=900%2C434&#038;ssl=1\" src=\"https:\/\/i0.wp.com\/www.edwardbacon.com\/blog\/wp-content\/uploads\/2013\/04\/wpid-Iceland-8246.jpg?w=1166&#038;h=562&#038;ssl=1\" srcset=\"https:\/\/i0.wp.com\/www.edwardbacon.com\/blog\/wp-content\/uploads\/2013\/04\/wpid-Iceland-8246.jpg?w=900&amp;ssl=1 900w, https:\/\/i0.wp.com\/www.edwardbacon.com\/blog\/wp-content\/uploads\/2013\/04\/wpid-Iceland-8246.jpg?resize=620%2C299&amp;ssl=1 620w, https:\/\/i0.wp.com\/www.edwardbacon.com\/blog\/wp-content\/uploads\/2013\/04\/wpid-Iceland-8246.jpg?resize=768%2C370&amp;ssl=1 768w, https:\/\/i0.wp.com\/www.edwardbacon.com\/blog\/wp-content\/uploads\/2013\/04\/wpid-Iceland-8246.jpg?resize=570%2C275&amp;ssl=1 570w\" width=\"1166\" height=\"562\" loading=\"lazy\" data-original-width=\"1166\" data-original-height=\"562\" itemprop=\"http:\/\/schema.org\/image\" title=\"Fjallsj\u00f6kull glacier\" alt=\"Early morning light on the wall of the glacier mouth of Fjallsj\u00f6kull, a southern outlet glacier for Vatnaj\u00f6kull.\" style=\"width: 1166px; height: 562px;\" \/> <\/a> <div class=\"tiled-gallery-caption\" itemprop=\"caption description\"> Early morning light on the wall of the glacier mouth of Fjallsj\u00f6kull, a southern outlet glacier for Vatnaj\u00f6kull. <\/div> <\/div> <\/div> <!-- close group --> <\/div> <!-- close row --> <div class=\"gallery-row\" style=\"width: 1170px; height: 1003px;\" data-original-width=\"1170\" data-original-height=\"1003\" > <div class=\"gallery-group images-1\" style=\"width: 670px; height: 1003px;\" data-original-width=\"670\" data-original-height=\"1003\" > <div class=\"tiled-gallery-item tiled-gallery-item-large\" itemprop=\"associatedMedia\" itemscope itemtype=\"http:\/\/schema.org\/ImageObject\"> <a href=\"https:\/\/www.edwardbacon.com\/blog\/2013\/04\/iceland-march-12-2013\/wpid-iceland-8297-jpg\/\" border=\"0\" itemprop=\"url\"> <meta itemprop=\"width\" content=\"666\"> <meta itemprop=\"height\" content=\"999\"> <img decoding=\"async\" class=\"\" data-attachment-id=\"1617\" data-orig-file=\"https:\/\/www.edwardbacon.com\/blog\/wp-content\/uploads\/2013\/04\/wpid-Iceland-8297.jpg\" data-orig-size=\"600,900\" data-comments-opened=\"1\" data-image-meta=\"{&quot;aperture&quot;:&quot;8&quot;,&quot;credit&quot;:&quot;Edward F. Bacon&quot;,&quot;camera&quot;:&quot;Canon EOS-1D Mark IV&quot;,&quot;caption&quot;:&quot;Ice Cave formed in the Skaftafellsj\\u00f6kull Glacier near the Skaftafell National Park&quot;,&quot;created_timestamp&quot;:&quot;1363065286&quot;,&quot;copyright&quot;:&quot;\\u00a92013 Edward F. Bacon \\\/ Nantmeal Village, PA \\\/ All Rights Reserved&quot;,&quot;focal_length&quot;:&quot;19&quot;,&quot;iso&quot;:&quot;200&quot;,&quot;shutter_speed&quot;:&quot;0.1&quot;,&quot;title&quot;:&quot;Ice Cave in Skaftafellsj\\u00f6kull&quot;,&quot;orientation&quot;:&quot;0&quot;}\" data-image-title=\"Ice Cave in Skaftafellsj\u00f6kull\" data-image-description=\"\" data-medium-file=\"https:\/\/i0.wp.com\/www.edwardbacon.com\/blog\/wp-content\/uploads\/2013\/04\/wpid-Iceland-8297.jpg?fit=600%2C900&#038;ssl=1\" data-large-file=\"https:\/\/i0.wp.com\/www.edwardbacon.com\/blog\/wp-content\/uploads\/2013\/04\/wpid-Iceland-8297.jpg?fit=600%2C900&#038;ssl=1\" src=\"https:\/\/i0.wp.com\/www.edwardbacon.com\/blog\/wp-content\/uploads\/2013\/04\/wpid-Iceland-8297.jpg?w=666&#038;h=999&#038;ssl=1\" srcset=\"https:\/\/i0.wp.com\/www.edwardbacon.com\/blog\/wp-content\/uploads\/2013\/04\/wpid-Iceland-8297.jpg?w=600&amp;ssl=1 600w, https:\/\/i0.wp.com\/www.edwardbacon.com\/blog\/wp-content\/uploads\/2013\/04\/wpid-Iceland-8297.jpg?resize=570%2C855&amp;ssl=1 570w\" width=\"666\" height=\"999\" loading=\"lazy\" data-original-width=\"666\" data-original-height=\"999\" itemprop=\"http:\/\/schema.org\/image\" title=\"Ice Cave in Skaftafellsj\u00f6kull\" alt=\"Ice Cave formed in the Skaftafellsj\u00f6kull Glacier near the Skaftafell National Park\" style=\"width: 666px; height: 999px;\" \/> <\/a> <div class=\"tiled-gallery-caption\" itemprop=\"caption description\"> Ice Cave formed in the Skaftafellsj\u00f6kull Glacier near the Skaftafell National Park <\/div> <\/div> <\/div> <!-- close group --> <div class=\"gallery-group images-3\" style=\"width: 500px; height: 1003px;\" data-original-width=\"500\" data-original-height=\"1003\" > <div class=\"tiled-gallery-item tiled-gallery-item-large\" itemprop=\"associatedMedia\" itemscope itemtype=\"http:\/\/schema.org\/ImageObject\"> <a href=\"https:\/\/www.edwardbacon.com\/blog\/2013\/04\/iceland-march-12-2013\/wpid-iceland-8461_edit_2166-jpg\/\" border=\"0\" itemprop=\"url\"> <meta itemprop=\"width\" content=\"496\"> <meta itemprop=\"height\" content=\"331\"> <img decoding=\"async\" class=\"\" data-attachment-id=\"1618\" data-orig-file=\"https:\/\/www.edwardbacon.com\/blog\/wp-content\/uploads\/2013\/04\/wpid-Iceland-8461_Edit_2166.jpg\" data-orig-size=\"900,600\" data-comments-opened=\"1\" data-image-meta=\"{&quot;aperture&quot;:&quot;14&quot;,&quot;credit&quot;:&quot;Edward F. Bacon&quot;,&quot;camera&quot;:&quot;Canon EOS-1D Mark IV&quot;,&quot;caption&quot;:&quot;Ice Cave formed in the Skaftafellsj\\u00f6kull Glacier near the Skaftafell National Park&quot;,&quot;created_timestamp&quot;:&quot;1363068048&quot;,&quot;copyright&quot;:&quot;\\u00a92013 Edward F. Bacon \\\/ Nantmeal Village, PA \\\/ All Rights Reserved&quot;,&quot;focal_length&quot;:&quot;17&quot;,&quot;iso&quot;:&quot;200&quot;,&quot;shutter_speed&quot;:&quot;0.3&quot;,&quot;title&quot;:&quot;Ice Cave in Skaftafellsj\\u00f6kull&quot;,&quot;orientation&quot;:&quot;0&quot;}\" data-image-title=\"Ice Cave in Skaftafellsj\u00f6kull\" data-image-description=\"\" data-medium-file=\"https:\/\/i0.wp.com\/www.edwardbacon.com\/blog\/wp-content\/uploads\/2013\/04\/wpid-Iceland-8461_Edit_2166.jpg?fit=620%2C413&#038;ssl=1\" data-large-file=\"https:\/\/i0.wp.com\/www.edwardbacon.com\/blog\/wp-content\/uploads\/2013\/04\/wpid-Iceland-8461_Edit_2166.jpg?fit=900%2C600&#038;ssl=1\" src=\"https:\/\/i0.wp.com\/www.edwardbacon.com\/blog\/wp-content\/uploads\/2013\/04\/wpid-Iceland-8461_Edit_2166.jpg?w=496&#038;h=331&#038;ssl=1\" srcset=\"https:\/\/i0.wp.com\/www.edwardbacon.com\/blog\/wp-content\/uploads\/2013\/04\/wpid-Iceland-8461_Edit_2166.jpg?w=900&amp;ssl=1 900w, https:\/\/i0.wp.com\/www.edwardbacon.com\/blog\/wp-content\/uploads\/2013\/04\/wpid-Iceland-8461_Edit_2166.jpg?resize=620%2C413&amp;ssl=1 620w, https:\/\/i0.wp.com\/www.edwardbacon.com\/blog\/wp-content\/uploads\/2013\/04\/wpid-Iceland-8461_Edit_2166.jpg?resize=768%2C512&amp;ssl=1 768w, https:\/\/i0.wp.com\/www.edwardbacon.com\/blog\/wp-content\/uploads\/2013\/04\/wpid-Iceland-8461_Edit_2166.jpg?resize=570%2C380&amp;ssl=1 570w\" width=\"496\" height=\"331\" loading=\"lazy\" data-original-width=\"496\" data-original-height=\"331\" itemprop=\"http:\/\/schema.org\/image\" title=\"Ice Cave in Skaftafellsj\u00f6kull\" alt=\"Ice Cave formed in the Skaftafellsj\u00f6kull Glacier near the Skaftafell National Park\" style=\"width: 496px; height: 331px;\" \/> <\/a> <div class=\"tiled-gallery-caption\" itemprop=\"caption description\"> Ice Cave formed in the Skaftafellsj\u00f6kull Glacier near the Skaftafell National Park <\/div> <\/div> <div class=\"tiled-gallery-item tiled-gallery-item-large\" itemprop=\"associatedMedia\" itemscope itemtype=\"http:\/\/schema.org\/ImageObject\"> <a href=\"https:\/\/www.edwardbacon.com\/blog\/2013\/04\/iceland-march-12-2013\/wpid-iceland-8468-jpg\/\" border=\"0\" itemprop=\"url\"> <meta itemprop=\"width\" content=\"496\"> <meta itemprop=\"height\" content=\"330\"> <img decoding=\"async\" class=\"\" data-attachment-id=\"1619\" data-orig-file=\"https:\/\/www.edwardbacon.com\/blog\/wp-content\/uploads\/2013\/04\/wpid-Iceland-8468.jpg\" data-orig-size=\"900,600\" data-comments-opened=\"1\" data-image-meta=\"{&quot;aperture&quot;:&quot;14&quot;,&quot;credit&quot;:&quot;Edward F. Bacon&quot;,&quot;camera&quot;:&quot;Canon EOS-1D Mark IV&quot;,&quot;caption&quot;:&quot;Ice Cave formed in the Skaftafellsj\\u00f6kull Glacier near the Skaftafell National Park&quot;,&quot;created_timestamp&quot;:&quot;1363068149&quot;,&quot;copyright&quot;:&quot;\\u00a92013 Edward F. Bacon \\\/ Nantmeal Village, PA \\\/ All Rights Reserved&quot;,&quot;focal_length&quot;:&quot;40&quot;,&quot;iso&quot;:&quot;200&quot;,&quot;shutter_speed&quot;:&quot;0.3&quot;,&quot;title&quot;:&quot;Ice Cave in Skaftafellsj\\u00f6kull&quot;,&quot;orientation&quot;:&quot;0&quot;}\" data-image-title=\"Ice Cave in Skaftafellsj\u00f6kull\" data-image-description=\"\" data-medium-file=\"https:\/\/i0.wp.com\/www.edwardbacon.com\/blog\/wp-content\/uploads\/2013\/04\/wpid-Iceland-8468.jpg?fit=620%2C413&#038;ssl=1\" data-large-file=\"https:\/\/i0.wp.com\/www.edwardbacon.com\/blog\/wp-content\/uploads\/2013\/04\/wpid-Iceland-8468.jpg?fit=900%2C600&#038;ssl=1\" src=\"https:\/\/i0.wp.com\/www.edwardbacon.com\/blog\/wp-content\/uploads\/2013\/04\/wpid-Iceland-8468.jpg?w=496&#038;h=330&#038;ssl=1\" srcset=\"https:\/\/i0.wp.com\/www.edwardbacon.com\/blog\/wp-content\/uploads\/2013\/04\/wpid-Iceland-8468.jpg?w=900&amp;ssl=1 900w, https:\/\/i0.wp.com\/www.edwardbacon.com\/blog\/wp-content\/uploads\/2013\/04\/wpid-Iceland-8468.jpg?resize=620%2C413&amp;ssl=1 620w, https:\/\/i0.wp.com\/www.edwardbacon.com\/blog\/wp-content\/uploads\/2013\/04\/wpid-Iceland-8468.jpg?resize=768%2C512&amp;ssl=1 768w, https:\/\/i0.wp.com\/www.edwardbacon.com\/blog\/wp-content\/uploads\/2013\/04\/wpid-Iceland-8468.jpg?resize=570%2C380&amp;ssl=1 570w\" width=\"496\" height=\"330\" loading=\"lazy\" data-original-width=\"496\" data-original-height=\"330\" itemprop=\"http:\/\/schema.org\/image\" title=\"Ice Cave in Skaftafellsj\u00f6kull\" alt=\"Ice Cave formed in the Skaftafellsj\u00f6kull Glacier near the Skaftafell National Park\" style=\"width: 496px; height: 330px;\" \/> <\/a> <div class=\"tiled-gallery-caption\" itemprop=\"caption description\"> Ice Cave formed in the Skaftafellsj\u00f6kull Glacier near the Skaftafell National Park <\/div> <\/div> <div class=\"tiled-gallery-item tiled-gallery-item-large\" itemprop=\"associatedMedia\" itemscope itemtype=\"http:\/\/schema.org\/ImageObject\"> <a href=\"https:\/\/www.edwardbacon.com\/blog\/2013\/04\/iceland-march-12-2013\/wpid-iceland-8478-jpg\/\" border=\"0\" itemprop=\"url\"> <meta itemprop=\"width\" content=\"496\"> <meta itemprop=\"height\" content=\"330\"> <img decoding=\"async\" class=\"\" data-attachment-id=\"1620\" data-orig-file=\"https:\/\/www.edwardbacon.com\/blog\/wp-content\/uploads\/2013\/04\/wpid-Iceland-8478.jpg\" data-orig-size=\"900,600\" data-comments-opened=\"1\" data-image-meta=\"{&quot;aperture&quot;:&quot;14&quot;,&quot;credit&quot;:&quot;Edward F. Bacon&quot;,&quot;camera&quot;:&quot;Canon EOS-1D Mark IV&quot;,&quot;caption&quot;:&quot;Ice Cave formed in the Skaftafellsj\\u00f6kull Glacier near the Skaftafell National Park&quot;,&quot;created_timestamp&quot;:&quot;1363068316&quot;,&quot;copyright&quot;:&quot;\\u00a92013 Edward F. Bacon \\\/ Nantmeal Village, PA \\\/ All Rights Reserved&quot;,&quot;focal_length&quot;:&quot;17&quot;,&quot;iso&quot;:&quot;200&quot;,&quot;shutter_speed&quot;:&quot;0.1&quot;,&quot;title&quot;:&quot;Ice Cave in Skaftafellsj\\u00f6kull&quot;,&quot;orientation&quot;:&quot;0&quot;}\" data-image-title=\"Ice Cave in Skaftafellsj\u00f6kull\" data-image-description=\"\" data-medium-file=\"https:\/\/i0.wp.com\/www.edwardbacon.com\/blog\/wp-content\/uploads\/2013\/04\/wpid-Iceland-8478.jpg?fit=620%2C413&#038;ssl=1\" data-large-file=\"https:\/\/i0.wp.com\/www.edwardbacon.com\/blog\/wp-content\/uploads\/2013\/04\/wpid-Iceland-8478.jpg?fit=900%2C600&#038;ssl=1\" src=\"https:\/\/i0.wp.com\/www.edwardbacon.com\/blog\/wp-content\/uploads\/2013\/04\/wpid-Iceland-8478.jpg?w=496&#038;h=330&#038;ssl=1\" srcset=\"https:\/\/i0.wp.com\/www.edwardbacon.com\/blog\/wp-content\/uploads\/2013\/04\/wpid-Iceland-8478.jpg?w=900&amp;ssl=1 900w, https:\/\/i0.wp.com\/www.edwardbacon.com\/blog\/wp-content\/uploads\/2013\/04\/wpid-Iceland-8478.jpg?resize=620%2C413&amp;ssl=1 620w, https:\/\/i0.wp.com\/www.edwardbacon.com\/blog\/wp-content\/uploads\/2013\/04\/wpid-Iceland-8478.jpg?resize=768%2C512&amp;ssl=1 768w, https:\/\/i0.wp.com\/www.edwardbacon.com\/blog\/wp-content\/uploads\/2013\/04\/wpid-Iceland-8478.jpg?resize=570%2C380&amp;ssl=1 570w\" width=\"496\" height=\"330\" loading=\"lazy\" data-original-width=\"496\" data-original-height=\"330\" itemprop=\"http:\/\/schema.org\/image\" title=\"Ice Cave in Skaftafellsj\u00f6kull\" alt=\"Ice Cave formed in the Skaftafellsj\u00f6kull Glacier near the Skaftafell National Park\" style=\"width: 496px; height: 330px;\" \/> <\/a> <div class=\"tiled-gallery-caption\" itemprop=\"caption description\"> Ice Cave formed in the Skaftafellsj\u00f6kull Glacier near the Skaftafell National Park <\/div> <\/div> <\/div> <!-- close group --> <\/div> <!-- close row --> <div class=\"gallery-row\" style=\"width: 1170px; height: 391px;\" data-original-width=\"1170\" data-original-height=\"391\" > <div class=\"gallery-group images-1\" style=\"width: 262px; height: 391px;\" data-original-width=\"262\" data-original-height=\"391\" > <div class=\"tiled-gallery-item tiled-gallery-item-large\" itemprop=\"associatedMedia\" itemscope itemtype=\"http:\/\/schema.org\/ImageObject\"> <a href=\"https:\/\/www.edwardbacon.com\/blog\/2013\/04\/iceland-march-12-2013\/wpid-iceland-8512-jpg\/\" border=\"0\" itemprop=\"url\"> <meta itemprop=\"width\" content=\"258\"> <meta itemprop=\"height\" content=\"387\"> <img decoding=\"async\" class=\"\" data-attachment-id=\"1621\" data-orig-file=\"https:\/\/www.edwardbacon.com\/blog\/wp-content\/uploads\/2013\/04\/wpid-Iceland-8512.jpg\" data-orig-size=\"600,900\" data-comments-opened=\"1\" data-image-meta=\"{&quot;aperture&quot;:&quot;16&quot;,&quot;credit&quot;:&quot;Edward F. Bacon&quot;,&quot;camera&quot;:&quot;Canon EOS-1D Mark IV&quot;,&quot;caption&quot;:&quot;Ice Cave formed in the Skaftafellsj\\u00f6kull Glacier near the Skaftafell National Park&quot;,&quot;created_timestamp&quot;:&quot;1363069141&quot;,&quot;copyright&quot;:&quot;\\u00a92013 Edward F. Bacon \\\/ Nantmeal Village, PA \\\/ All Rights Reserved&quot;,&quot;focal_length&quot;:&quot;105&quot;,&quot;iso&quot;:&quot;400&quot;,&quot;shutter_speed&quot;:&quot;0.16666666666667&quot;,&quot;title&quot;:&quot;Ice Cave in Skaftafellsj\\u00f6kull&quot;,&quot;orientation&quot;:&quot;0&quot;}\" data-image-title=\"Ice Cave in Skaftafellsj\u00f6kull\" data-image-description=\"\" data-medium-file=\"https:\/\/i0.wp.com\/www.edwardbacon.com\/blog\/wp-content\/uploads\/2013\/04\/wpid-Iceland-8512.jpg?fit=600%2C900&#038;ssl=1\" data-large-file=\"https:\/\/i0.wp.com\/www.edwardbacon.com\/blog\/wp-content\/uploads\/2013\/04\/wpid-Iceland-8512.jpg?fit=600%2C900&#038;ssl=1\" src=\"https:\/\/i0.wp.com\/www.edwardbacon.com\/blog\/wp-content\/uploads\/2013\/04\/wpid-Iceland-8512.jpg?w=258&#038;h=387&#038;ssl=1\" srcset=\"https:\/\/i0.wp.com\/www.edwardbacon.com\/blog\/wp-content\/uploads\/2013\/04\/wpid-Iceland-8512.jpg?w=600&amp;ssl=1 600w, https:\/\/i0.wp.com\/www.edwardbacon.com\/blog\/wp-content\/uploads\/2013\/04\/wpid-Iceland-8512.jpg?resize=570%2C855&amp;ssl=1 570w\" width=\"258\" height=\"387\" loading=\"lazy\" data-original-width=\"258\" data-original-height=\"387\" itemprop=\"http:\/\/schema.org\/image\" title=\"Ice Cave in Skaftafellsj\u00f6kull\" alt=\"Ice Cave formed in the Skaftafellsj\u00f6kull Glacier near the Skaftafell National Park\" style=\"width: 258px; height: 387px;\" \/> <\/a> <div class=\"tiled-gallery-caption\" itemprop=\"caption description\"> Ice Cave formed in the Skaftafellsj\u00f6kull Glacier near the Skaftafell National Park <\/div> <\/div> <\/div> <!-- close group --> <div class=\"gallery-group images-1\" style=\"width: 262px; height: 391px;\" data-original-width=\"262\" data-original-height=\"391\" > <div class=\"tiled-gallery-item tiled-gallery-item-large\" itemprop=\"associatedMedia\" itemscope itemtype=\"http:\/\/schema.org\/ImageObject\"> <a href=\"https:\/\/www.edwardbacon.com\/blog\/2013\/04\/iceland-march-12-2013\/wpid-iceland-8516-jpg\/\" border=\"0\" itemprop=\"url\"> <meta itemprop=\"width\" content=\"258\"> <meta itemprop=\"height\" content=\"387\"> <img decoding=\"async\" class=\"\" data-attachment-id=\"1622\" data-orig-file=\"https:\/\/www.edwardbacon.com\/blog\/wp-content\/uploads\/2013\/04\/wpid-Iceland-8516.jpg\" data-orig-size=\"600,900\" data-comments-opened=\"1\" data-image-meta=\"{&quot;aperture&quot;:&quot;16&quot;,&quot;credit&quot;:&quot;Edward F. Bacon&quot;,&quot;camera&quot;:&quot;Canon EOS-1D Mark IV&quot;,&quot;caption&quot;:&quot;Ice Cave formed in the Skaftafellsj\\u00f6kull Glacier near the Skaftafell National Park&quot;,&quot;created_timestamp&quot;:&quot;1363069218&quot;,&quot;copyright&quot;:&quot;\\u00a92013 Edward F. Bacon \\\/ Nantmeal Village, PA \\\/ All Rights Reserved&quot;,&quot;focal_length&quot;:&quot;58&quot;,&quot;iso&quot;:&quot;400&quot;,&quot;shutter_speed&quot;:&quot;0.8&quot;,&quot;title&quot;:&quot;Ice Cave in Skaftafellsj\\u00f6kull&quot;,&quot;orientation&quot;:&quot;0&quot;}\" data-image-title=\"Ice Cave in Skaftafellsj\u00f6kull\" data-image-description=\"\" data-medium-file=\"https:\/\/i0.wp.com\/www.edwardbacon.com\/blog\/wp-content\/uploads\/2013\/04\/wpid-Iceland-8516.jpg?fit=600%2C900&#038;ssl=1\" data-large-file=\"https:\/\/i0.wp.com\/www.edwardbacon.com\/blog\/wp-content\/uploads\/2013\/04\/wpid-Iceland-8516.jpg?fit=600%2C900&#038;ssl=1\" src=\"https:\/\/i0.wp.com\/www.edwardbacon.com\/blog\/wp-content\/uploads\/2013\/04\/wpid-Iceland-8516.jpg?w=258&#038;h=387&#038;ssl=1\" srcset=\"https:\/\/i0.wp.com\/www.edwardbacon.com\/blog\/wp-content\/uploads\/2013\/04\/wpid-Iceland-8516.jpg?w=600&amp;ssl=1 600w, https:\/\/i0.wp.com\/www.edwardbacon.com\/blog\/wp-content\/uploads\/2013\/04\/wpid-Iceland-8516.jpg?resize=570%2C855&amp;ssl=1 570w\" width=\"258\" height=\"387\" loading=\"lazy\" data-original-width=\"258\" data-original-height=\"387\" itemprop=\"http:\/\/schema.org\/image\" title=\"Ice Cave in Skaftafellsj\u00f6kull\" alt=\"Ice Cave formed in the Skaftafellsj\u00f6kull Glacier near the Skaftafell National Park\" style=\"width: 258px; height: 387px;\" \/> <\/a> <div class=\"tiled-gallery-caption\" itemprop=\"caption description\"> Ice Cave formed in the Skaftafellsj\u00f6kull Glacier near the Skaftafell National Park <\/div> <\/div> <\/div> <!-- close group --> <div class=\"gallery-group images-1\" style=\"width: 646px; height: 391px;\" data-original-width=\"646\" data-original-height=\"391\" > <div class=\"tiled-gallery-item tiled-gallery-item-large\" itemprop=\"associatedMedia\" itemscope itemtype=\"http:\/\/schema.org\/ImageObject\"> <a href=\"https:\/\/www.edwardbacon.com\/blog\/2013\/04\/iceland-march-12-2013\/wpid-iceland-8602_edit_2171-jpg\/\" border=\"0\" itemprop=\"url\"> <meta itemprop=\"width\" content=\"642\"> <meta itemprop=\"height\" content=\"387\"> <img decoding=\"async\" class=\"\" data-attachment-id=\"1623\" data-orig-file=\"https:\/\/www.edwardbacon.com\/blog\/wp-content\/uploads\/2013\/04\/wpid-Iceland-8602_Edit_2171.jpg\" data-orig-size=\"900,542\" data-comments-opened=\"1\" data-image-meta=\"{&quot;aperture&quot;:&quot;11&quot;,&quot;credit&quot;:&quot;Edward F. Bacon&quot;,&quot;camera&quot;:&quot;Canon EOS-1D Mark IV&quot;,&quot;caption&quot;:&quot;&quot;,&quot;created_timestamp&quot;:&quot;1363090853&quot;,&quot;copyright&quot;:&quot;\\u00a92013 Edward F. Bacon \\\/ Nantmeal Village, PA \\\/ All Rights Reserved&quot;,&quot;focal_length&quot;:&quot;60&quot;,&quot;iso&quot;:&quot;200&quot;,&quot;shutter_speed&quot;:&quot;0.0125&quot;,&quot;title&quot;:&quot;&quot;,&quot;orientation&quot;:&quot;0&quot;}\" data-image-title=\"Sv\u00ednafellsj\u00f6kull\" data-image-description=\"\" data-medium-file=\"https:\/\/i0.wp.com\/www.edwardbacon.com\/blog\/wp-content\/uploads\/2013\/04\/wpid-Iceland-8602_Edit_2171.jpg?fit=620%2C373&#038;ssl=1\" data-large-file=\"https:\/\/i0.wp.com\/www.edwardbacon.com\/blog\/wp-content\/uploads\/2013\/04\/wpid-Iceland-8602_Edit_2171.jpg?fit=900%2C542&#038;ssl=1\" src=\"https:\/\/i0.wp.com\/www.edwardbacon.com\/blog\/wp-content\/uploads\/2013\/04\/wpid-Iceland-8602_Edit_2171.jpg?w=642&#038;h=387&#038;ssl=1\" srcset=\"https:\/\/i0.wp.com\/www.edwardbacon.com\/blog\/wp-content\/uploads\/2013\/04\/wpid-Iceland-8602_Edit_2171.jpg?w=900&amp;ssl=1 900w, https:\/\/i0.wp.com\/www.edwardbacon.com\/blog\/wp-content\/uploads\/2013\/04\/wpid-Iceland-8602_Edit_2171.jpg?resize=620%2C373&amp;ssl=1 620w, https:\/\/i0.wp.com\/www.edwardbacon.com\/blog\/wp-content\/uploads\/2013\/04\/wpid-Iceland-8602_Edit_2171.jpg?resize=768%2C463&amp;ssl=1 768w, https:\/\/i0.wp.com\/www.edwardbacon.com\/blog\/wp-content\/uploads\/2013\/04\/wpid-Iceland-8602_Edit_2171.jpg?resize=570%2C343&amp;ssl=1 570w\" width=\"642\" height=\"387\" loading=\"lazy\" data-original-width=\"642\" data-original-height=\"387\" itemprop=\"http:\/\/schema.org\/image\" title=\"Sv\u00ednafellsj\u00f6kull\" alt=\"Sv\u00ednafellsj\u00f6kull\" style=\"width: 642px; height: 387px;\" \/> <\/a> <\/div> <\/div> <!-- close group --> <\/div> <!-- close row --> <div class=\"gallery-row\" style=\"width: 1170px; height: 172px;\" data-original-width=\"1170\" data-original-height=\"172\" > <div class=\"gallery-group images-1\" style=\"width: 404px; height: 172px;\" data-original-width=\"404\" data-original-height=\"172\" > <div class=\"tiled-gallery-item tiled-gallery-item-large\" itemprop=\"associatedMedia\" itemscope itemtype=\"http:\/\/schema.org\/ImageObject\"> <a href=\"https:\/\/www.edwardbacon.com\/blog\/2013\/04\/iceland-march-12-2013\/wpid-iceland-8638-jpg\/\" border=\"0\" itemprop=\"url\"> <meta itemprop=\"width\" content=\"400\"> <meta itemprop=\"height\" content=\"168\"> <img decoding=\"async\" class=\"\" data-attachment-id=\"1624\" data-orig-file=\"https:\/\/www.edwardbacon.com\/blog\/wp-content\/uploads\/2013\/04\/wpid-Iceland-8638.jpg\" data-orig-size=\"900,377\" data-comments-opened=\"1\" data-image-meta=\"{&quot;aperture&quot;:&quot;11&quot;,&quot;credit&quot;:&quot;Edward F. Bacon&quot;,&quot;camera&quot;:&quot;Canon EOS-1D Mark IV&quot;,&quot;caption&quot;:&quot;&quot;,&quot;created_timestamp&quot;:&quot;1363091771&quot;,&quot;copyright&quot;:&quot;\\u00a92013 Edward F. Bacon \\\/ Nantmeal Village, PA \\\/ All Rights Reserved&quot;,&quot;focal_length&quot;:&quot;32&quot;,&quot;iso&quot;:&quot;200&quot;,&quot;shutter_speed&quot;:&quot;0.016666666666667&quot;,&quot;title&quot;:&quot;&quot;,&quot;orientation&quot;:&quot;0&quot;}\" data-image-title=\"Sv\u00ednafellsj\u00f6kull\" data-image-description=\"\" data-medium-file=\"https:\/\/i0.wp.com\/www.edwardbacon.com\/blog\/wp-content\/uploads\/2013\/04\/wpid-Iceland-8638.jpg?fit=620%2C260&#038;ssl=1\" data-large-file=\"https:\/\/i0.wp.com\/www.edwardbacon.com\/blog\/wp-content\/uploads\/2013\/04\/wpid-Iceland-8638.jpg?fit=900%2C377&#038;ssl=1\" src=\"https:\/\/i0.wp.com\/www.edwardbacon.com\/blog\/wp-content\/uploads\/2013\/04\/wpid-Iceland-8638.jpg?w=400&#038;h=168&#038;ssl=1\" srcset=\"https:\/\/i0.wp.com\/www.edwardbacon.com\/blog\/wp-content\/uploads\/2013\/04\/wpid-Iceland-8638.jpg?w=900&amp;ssl=1 900w, https:\/\/i0.wp.com\/www.edwardbacon.com\/blog\/wp-content\/uploads\/2013\/04\/wpid-Iceland-8638.jpg?resize=620%2C260&amp;ssl=1 620w, https:\/\/i0.wp.com\/www.edwardbacon.com\/blog\/wp-content\/uploads\/2013\/04\/wpid-Iceland-8638.jpg?resize=768%2C322&amp;ssl=1 768w, https:\/\/i0.wp.com\/www.edwardbacon.com\/blog\/wp-content\/uploads\/2013\/04\/wpid-Iceland-8638.jpg?resize=570%2C239&amp;ssl=1 570w\" width=\"400\" height=\"168\" loading=\"lazy\" data-original-width=\"400\" data-original-height=\"168\" itemprop=\"http:\/\/schema.org\/image\" title=\"Sv\u00ednafellsj\u00f6kull\" alt=\"Sv\u00ednafellsj\u00f6kull and Skaftafellsj\u00f6kull in the background\" style=\"width: 400px; height: 168px;\" \/> <\/a> <div class=\"tiled-gallery-caption\" itemprop=\"caption description\"> Sv\u00ednafellsj\u00f6kull and Skaftafellsj\u00f6kull in the background <\/div> <\/div> <\/div> <!-- close group --> <div class=\"gallery-group images-1\" style=\"width: 256px; height: 172px;\" data-original-width=\"256\" data-original-height=\"172\" > <div class=\"tiled-gallery-item tiled-gallery-item-large\" itemprop=\"associatedMedia\" itemscope itemtype=\"http:\/\/schema.org\/ImageObject\"> <a href=\"https:\/\/www.edwardbacon.com\/blog\/2013\/04\/iceland-march-12-2013\/wpid-iceland-8658_edit_2146-jpg\/\" border=\"0\" itemprop=\"url\"> <meta itemprop=\"width\" content=\"252\"> <meta itemprop=\"height\" content=\"168\"> <img decoding=\"async\" class=\"\" data-attachment-id=\"1625\" data-orig-file=\"https:\/\/www.edwardbacon.com\/blog\/wp-content\/uploads\/2013\/04\/wpid-Iceland-8658_Edit_2146.jpg\" data-orig-size=\"900,600\" data-comments-opened=\"1\" data-image-meta=\"{&quot;aperture&quot;:&quot;18&quot;,&quot;credit&quot;:&quot;Edward F. Bacon&quot;,&quot;camera&quot;:&quot;Canon EOS-1D Mark IV&quot;,&quot;caption&quot;:&quot;&quot;,&quot;created_timestamp&quot;:&quot;1363095795&quot;,&quot;copyright&quot;:&quot;\\u00a92013 Edward F. Bacon \\\/ Nantmeal Village, PA \\\/ All Rights Reserved&quot;,&quot;focal_length&quot;:&quot;45&quot;,&quot;iso&quot;:&quot;100&quot;,&quot;shutter_speed&quot;:&quot;0.3&quot;,&quot;title&quot;:&quot;&quot;,&quot;orientation&quot;:&quot;0&quot;}\" data-image-title=\"Sunset J\u00f6kuls\u00e1rl\u00f3n beach\" data-image-description=\"\" data-medium-file=\"https:\/\/i0.wp.com\/www.edwardbacon.com\/blog\/wp-content\/uploads\/2013\/04\/wpid-Iceland-8658_Edit_2146.jpg?fit=620%2C413&#038;ssl=1\" data-large-file=\"https:\/\/i0.wp.com\/www.edwardbacon.com\/blog\/wp-content\/uploads\/2013\/04\/wpid-Iceland-8658_Edit_2146.jpg?fit=900%2C600&#038;ssl=1\" src=\"https:\/\/i0.wp.com\/www.edwardbacon.com\/blog\/wp-content\/uploads\/2013\/04\/wpid-Iceland-8658_Edit_2146.jpg?w=252&#038;h=168&#038;ssl=1\" srcset=\"https:\/\/i0.wp.com\/www.edwardbacon.com\/blog\/wp-content\/uploads\/2013\/04\/wpid-Iceland-8658_Edit_2146.jpg?w=900&amp;ssl=1 900w, https:\/\/i0.wp.com\/www.edwardbacon.com\/blog\/wp-content\/uploads\/2013\/04\/wpid-Iceland-8658_Edit_2146.jpg?resize=620%2C413&amp;ssl=1 620w, https:\/\/i0.wp.com\/www.edwardbacon.com\/blog\/wp-content\/uploads\/2013\/04\/wpid-Iceland-8658_Edit_2146.jpg?resize=768%2C512&amp;ssl=1 768w, https:\/\/i0.wp.com\/www.edwardbacon.com\/blog\/wp-content\/uploads\/2013\/04\/wpid-Iceland-8658_Edit_2146.jpg?resize=570%2C380&amp;ssl=1 570w\" width=\"252\" height=\"168\" loading=\"lazy\" data-original-width=\"252\" data-original-height=\"168\" itemprop=\"http:\/\/schema.org\/image\" title=\"Sunset J\u00f6kuls\u00e1rl\u00f3n beach\" alt=\"Sunset J\u00f6kuls\u00e1rl\u00f3n beach\" style=\"width: 252px; height: 168px;\" \/> <\/a> <\/div> <\/div> <!-- close group --> <div class=\"gallery-group images-1\" style=\"width: 255px; height: 172px;\" data-original-width=\"255\" data-original-height=\"172\" > <div class=\"tiled-gallery-item tiled-gallery-item-large\" itemprop=\"associatedMedia\" itemscope itemtype=\"http:\/\/schema.org\/ImageObject\"> <a href=\"https:\/\/www.edwardbacon.com\/blog\/2013\/04\/iceland-march-12-2013\/wpid-iceland-8694_edit_2150-jpg\/\" border=\"0\" itemprop=\"url\"> <meta itemprop=\"width\" content=\"251\"> <meta itemprop=\"height\" content=\"168\"> <img decoding=\"async\" class=\"\" data-attachment-id=\"1626\" data-orig-file=\"https:\/\/www.edwardbacon.com\/blog\/wp-content\/uploads\/2013\/04\/wpid-Iceland-8694_Edit_2150.jpg\" data-orig-size=\"900,600\" data-comments-opened=\"1\" data-image-meta=\"{&quot;aperture&quot;:&quot;22&quot;,&quot;credit&quot;:&quot;Edward F. Bacon&quot;,&quot;camera&quot;:&quot;Canon EOS-1D Mark IV&quot;,&quot;caption&quot;:&quot;&quot;,&quot;created_timestamp&quot;:&quot;1363097301&quot;,&quot;copyright&quot;:&quot;\\u00a92013 Edward F. Bacon \\\/ Nantmeal Village, PA \\\/ All Rights Reserved&quot;,&quot;focal_length&quot;:&quot;50&quot;,&quot;iso&quot;:&quot;100&quot;,&quot;shutter_speed&quot;:&quot;2&quot;,&quot;title&quot;:&quot;&quot;,&quot;orientation&quot;:&quot;0&quot;}\" data-image-title=\"Sunset J\u00f6kuls\u00e1rl\u00f3n beach\" data-image-description=\"\" data-medium-file=\"https:\/\/i0.wp.com\/www.edwardbacon.com\/blog\/wp-content\/uploads\/2013\/04\/wpid-Iceland-8694_Edit_2150.jpg?fit=620%2C413&#038;ssl=1\" data-large-file=\"https:\/\/i0.wp.com\/www.edwardbacon.com\/blog\/wp-content\/uploads\/2013\/04\/wpid-Iceland-8694_Edit_2150.jpg?fit=900%2C600&#038;ssl=1\" src=\"https:\/\/i0.wp.com\/www.edwardbacon.com\/blog\/wp-content\/uploads\/2013\/04\/wpid-Iceland-8694_Edit_2150.jpg?w=251&#038;h=168&#038;ssl=1\" srcset=\"https:\/\/i0.wp.com\/www.edwardbacon.com\/blog\/wp-content\/uploads\/2013\/04\/wpid-Iceland-8694_Edit_2150.jpg?w=900&amp;ssl=1 900w, https:\/\/i0.wp.com\/www.edwardbacon.com\/blog\/wp-content\/uploads\/2013\/04\/wpid-Iceland-8694_Edit_2150.jpg?resize=620%2C413&amp;ssl=1 620w, https:\/\/i0.wp.com\/www.edwardbacon.com\/blog\/wp-content\/uploads\/2013\/04\/wpid-Iceland-8694_Edit_2150.jpg?resize=768%2C512&amp;ssl=1 768w, https:\/\/i0.wp.com\/www.edwardbacon.com\/blog\/wp-content\/uploads\/2013\/04\/wpid-Iceland-8694_Edit_2150.jpg?resize=570%2C380&amp;ssl=1 570w\" width=\"251\" height=\"168\" loading=\"lazy\" data-original-width=\"251\" data-original-height=\"168\" itemprop=\"http:\/\/schema.org\/image\" title=\"Sunset J\u00f6kuls\u00e1rl\u00f3n beach\" alt=\"Sunset J\u00f6kuls\u00e1rl\u00f3n beach\" style=\"width: 251px; height: 168px;\" \/> <\/a> <\/div> <\/div> <!-- close group --> <div class=\"gallery-group images-1\" style=\"width: 255px; height: 172px;\" data-original-width=\"255\" data-original-height=\"172\" > <div class=\"tiled-gallery-item tiled-gallery-item-large\" itemprop=\"associatedMedia\" itemscope itemtype=\"http:\/\/schema.org\/ImageObject\"> <a href=\"https:\/\/www.edwardbacon.com\/blog\/2013\/04\/iceland-march-12-2013\/wpid-iceland-8701_edit_2147-jpg\/\" border=\"0\" itemprop=\"url\"> <meta itemprop=\"width\" content=\"251\"> <meta itemprop=\"height\" content=\"168\"> <img decoding=\"async\" class=\"\" data-attachment-id=\"1627\" data-orig-file=\"https:\/\/www.edwardbacon.com\/blog\/wp-content\/uploads\/2013\/04\/wpid-Iceland-8701_Edit_2147.jpg\" data-orig-size=\"900,600\" data-comments-opened=\"1\" data-image-meta=\"{&quot;aperture&quot;:&quot;22&quot;,&quot;credit&quot;:&quot;Edward F. Bacon&quot;,&quot;camera&quot;:&quot;Canon EOS-1D Mark IV&quot;,&quot;caption&quot;:&quot;&quot;,&quot;created_timestamp&quot;:&quot;1363097578&quot;,&quot;copyright&quot;:&quot;\\u00a92013 Edward F. Bacon \\\/ Nantmeal Village, PA \\\/ All Rights Reserved&quot;,&quot;focal_length&quot;:&quot;50&quot;,&quot;iso&quot;:&quot;100&quot;,&quot;shutter_speed&quot;:&quot;4&quot;,&quot;title&quot;:&quot;&quot;,&quot;orientation&quot;:&quot;0&quot;}\" data-image-title=\"Sunset J\u00f6kuls\u00e1rl\u00f3n beach\" data-image-description=\"\" data-medium-file=\"https:\/\/i0.wp.com\/www.edwardbacon.com\/blog\/wp-content\/uploads\/2013\/04\/wpid-Iceland-8701_Edit_2147.jpg?fit=620%2C413&#038;ssl=1\" data-large-file=\"https:\/\/i0.wp.com\/www.edwardbacon.com\/blog\/wp-content\/uploads\/2013\/04\/wpid-Iceland-8701_Edit_2147.jpg?fit=900%2C600&#038;ssl=1\" src=\"https:\/\/i0.wp.com\/www.edwardbacon.com\/blog\/wp-content\/uploads\/2013\/04\/wpid-Iceland-8701_Edit_2147.jpg?w=251&#038;h=168&#038;ssl=1\" srcset=\"https:\/\/i0.wp.com\/www.edwardbacon.com\/blog\/wp-content\/uploads\/2013\/04\/wpid-Iceland-8701_Edit_2147.jpg?w=900&amp;ssl=1 900w, https:\/\/i0.wp.com\/www.edwardbacon.com\/blog\/wp-content\/uploads\/2013\/04\/wpid-Iceland-8701_Edit_2147.jpg?resize=620%2C413&amp;ssl=1 620w, https:\/\/i0.wp.com\/www.edwardbacon.com\/blog\/wp-content\/uploads\/2013\/04\/wpid-Iceland-8701_Edit_2147.jpg?resize=768%2C512&amp;ssl=1 768w, https:\/\/i0.wp.com\/www.edwardbacon.com\/blog\/wp-content\/uploads\/2013\/04\/wpid-Iceland-8701_Edit_2147.jpg?resize=570%2C380&amp;ssl=1 570w\" width=\"251\" height=\"168\" loading=\"lazy\" data-original-width=\"251\" data-original-height=\"168\" itemprop=\"http:\/\/schema.org\/image\" title=\"Sunset J\u00f6kuls\u00e1rl\u00f3n beach\" alt=\"Sunset J\u00f6kuls\u00e1rl\u00f3n beach\" style=\"width: 251px; height: 168px;\" \/> <\/a> <\/div> <\/div> <!-- close group --> <\/div> <!-- close row --> <\/div>\n<p>More images from Iceland can be found in&nbsp;<a title=\"Images of Iceland\" href=\"http:\/\/edbacon.photoshelter.com\/gallery\/Iceland\/G0000V6ttat2oLyE\/\" target=\"_blank\" rel=\"noopener noreferrer\">my gallery<\/a>.<\/p>\n<p style=\"text-align: center;\">&nbsp;<\/p>\n","protected":false},"excerpt":{"rendered":"<p>This day in Iceland was all about the ice. We started and ended the day on the black sand beach at&nbsp;J\u00f6kuls\u00e1rl\u00f3n. Ice breaks off the head of&nbsp;Brei\u00f0amerkurj\u00f6kull and floats from the lagoon through a narrow inlet to the sea [s\u00e1rl\u00f3n&nbsp;translates to lagoon and&nbsp;kull&nbsp;to glacier]. Tides sculpt and drive the ice back onto the beach. Between [&hellip;]<\/p>\n","protected":false},"author":1,"featured_media":1610,"comment_status":"open","ping_status":"open","sticky":false,"template":"","format":"standard","meta":{"ngg_post_thumbnail":0,"jetpack_post_was_ever_published":false,"_jetpack_newsletter_access":"","_jetpack_dont_email_post_to_subs":false,"_jetpack_newsletter_tier_id":0,"_jetpack_memberships_contains_paywalled_content":false,"_jetpack_memberships_contains_paid_content":false,"footnotes":"","jetpack_publicize_message":"","jetpack_publicize_feature_enabled":true,"jetpack_social_post_already_shared":true,"jetpack_social_options":{"image_generator_settings":{"template":"highway","default_image_id":0,"font":"","enabled":false},"version":2}},"categories":[208,211],"tags":[48,602,598,583],"class_list":{"0":"post-1628","1":"post","2":"type-post","3":"status-publish","4":"format-standard","5":"has-post-thumbnail","7":"category-iceland","8":"category-landscape-photography","9":"tag-glacier","10":"tag-iceberg","11":"tag-iceland","12":"tag-landscape","13":"czr-hentry"},"jetpack_publicize_connections":[],"jetpack_featured_media_url":"https:\/\/i0.wp.com\/www.edwardbacon.com\/blog\/wp-content\/uploads\/2013\/04\/wpid-Iceland-8140_Edit_2157.jpg?fit=900%2C377&ssl=1","jetpack_shortlink":"https:\/\/wp.me\/p1FUJv-qg","jetpack_sharing_enabled":true,"jetpack_likes_enabled":true,"_links":{"self":[{"href":"https:\/\/www.edwardbacon.com\/blog\/wp-json\/wp\/v2\/posts\/1628","targetHints":{"allow":["GET"]}}],"collection":[{"href":"https:\/\/www.edwardbacon.com\/blog\/wp-json\/wp\/v2\/posts"}],"about":[{"href":"https:\/\/www.edwardbacon.com\/blog\/wp-json\/wp\/v2\/types\/post"}],"author":[{"embeddable":true,"href":"https:\/\/www.edwardbacon.com\/blog\/wp-json\/wp\/v2\/users\/1"}],"replies":[{"embeddable":true,"href":"https:\/\/www.edwardbacon.com\/blog\/wp-json\/wp\/v2\/comments?post=1628"}],"version-history":[{"count":0,"href":"https:\/\/www.edwardbacon.com\/blog\/wp-json\/wp\/v2\/posts\/1628\/revisions"}],"wp:featuredmedia":[{"embeddable":true,"href":"https:\/\/www.edwardbacon.com\/blog\/wp-json\/wp\/v2\/media\/1610"}],"wp:attachment":[{"href":"https:\/\/www.edwardbacon.com\/blog\/wp-json\/wp\/v2\/media?parent=1628"}],"wp:term":[{"taxonomy":"category","embeddable":true,"href":"https:\/\/www.edwardbacon.com\/blog\/wp-json\/wp\/v2\/categories?post=1628"},{"taxonomy":"post_tag","embeddable":true,"href":"https:\/\/www.edwardbacon.com\/blog\/wp-json\/wp\/v2\/tags?post=1628"}],"curies":[{"name":"wp","href":"https:\/\/api.w.org\/{rel}","templated":true}]}}