{"id":1583,"date":"2013-04-09T12:11:59","date_gmt":"2013-04-09T16:11:59","guid":{"rendered":"http:\/\/www.migrate.edwardbacon.com\/blog\/?p=1583"},"modified":"2019-12-01T12:29:12","modified_gmt":"2019-12-01T17:29:12","slug":"iceland-march-11-2013","status":"publish","type":"post","link":"https:\/\/www.edwardbacon.com\/blog\/2013\/04\/iceland-march-11-2013\/","title":{"rendered":"Iceland: March 11, 2013"},"content":{"rendered":"<div class=\"tiled-gallery type-rectangular tiled-gallery-unresized\" data-original-width=\"1170\" data-carousel-extra='null' itemscope itemtype=\"http:\/\/schema.org\/ImageGallery\" > <div class=\"gallery-row\" style=\"width: 1170px; height: 189px;\" data-original-width=\"1170\" data-original-height=\"189\" > <div class=\"gallery-group images-1\" style=\"width: 445px; height: 189px;\" data-original-width=\"445\" data-original-height=\"189\" > <div class=\"tiled-gallery-item tiled-gallery-item-large\" itemprop=\"associatedMedia\" itemscope itemtype=\"http:\/\/schema.org\/ImageObject\"> <a href=\"https:\/\/www.edwardbacon.com\/blog\/2013\/04\/iceland-march-11-2013\/wpid-iceland-7638-jpg\/\" border=\"0\" itemprop=\"url\"> <meta itemprop=\"width\" content=\"441\"> <meta itemprop=\"height\" content=\"185\"> <img decoding=\"async\" class=\"\" data-attachment-id=\"1570\" data-orig-file=\"https:\/\/www.edwardbacon.com\/blog\/wp-content\/uploads\/2013\/04\/wpid-Iceland-7638.jpg\" data-orig-size=\"900,377\" data-comments-opened=\"1\" data-image-meta=\"{&quot;aperture&quot;:&quot;11&quot;,&quot;credit&quot;:&quot;Edward F. Bacon&quot;,&quot;camera&quot;:&quot;Canon EOS-1D Mark IV&quot;,&quot;caption&quot;:&quot;Skaftafell National Park measures about 4807 km2 (2884 mi\\u00b2), making it Iceland\\u0027s second largest national park. It is home to the valley Mors\\u00e1rdalur, the mountain Krist\\u00ednartindar and the glacier Skaftafellsj\\u00f6kull (a spur of the Vatnaj\\u00f6kull ice cap).&quot;,&quot;created_timestamp&quot;:&quot;1362981821&quot;,&quot;copyright&quot;:&quot;\\u00a92013 Edward F. Bacon \\\/ Nantmeal Village, PA \\\/ All Rights Reserved&quot;,&quot;focal_length&quot;:&quot;200&quot;,&quot;iso&quot;:&quot;100&quot;,&quot;shutter_speed&quot;:&quot;0.01&quot;,&quot;title&quot;:&quot;Sv\\u00ednafellsj\\u00f6kull&quot;,&quot;orientation&quot;:&quot;0&quot;}\" data-image-title=\"Sv\u00ednafellsj\u00f6kull\" data-image-description=\"\" data-medium-file=\"https:\/\/i0.wp.com\/www.edwardbacon.com\/blog\/wp-content\/uploads\/2013\/04\/wpid-Iceland-7638.jpg?fit=620%2C260&#038;ssl=1\" data-large-file=\"https:\/\/i0.wp.com\/www.edwardbacon.com\/blog\/wp-content\/uploads\/2013\/04\/wpid-Iceland-7638.jpg?fit=900%2C377&#038;ssl=1\" src=\"https:\/\/i0.wp.com\/www.edwardbacon.com\/blog\/wp-content\/uploads\/2013\/04\/wpid-Iceland-7638.jpg?w=441&#038;h=185&#038;ssl=1\" srcset=\"https:\/\/i0.wp.com\/www.edwardbacon.com\/blog\/wp-content\/uploads\/2013\/04\/wpid-Iceland-7638.jpg?w=900&amp;ssl=1 900w, https:\/\/i0.wp.com\/www.edwardbacon.com\/blog\/wp-content\/uploads\/2013\/04\/wpid-Iceland-7638.jpg?resize=620%2C260&amp;ssl=1 620w, https:\/\/i0.wp.com\/www.edwardbacon.com\/blog\/wp-content\/uploads\/2013\/04\/wpid-Iceland-7638.jpg?resize=768%2C322&amp;ssl=1 768w, https:\/\/i0.wp.com\/www.edwardbacon.com\/blog\/wp-content\/uploads\/2013\/04\/wpid-Iceland-7638.jpg?resize=570%2C239&amp;ssl=1 570w\" width=\"441\" height=\"185\" loading=\"lazy\" data-original-width=\"441\" data-original-height=\"185\" itemprop=\"http:\/\/schema.org\/image\" title=\"Sv\u00ednafellsj\u00f6kull\" alt=\"Skaftafell National Park measures about 4807 km2 (2884 mi\u00b2), making it Iceland&#039;s second largest national park. It is home to the valley Mors\u00e1rdalur, the mountain Krist\u00ednartindar and the glacier Skaftafellsj\u00f6kull (a spur of the Vatnaj\u00f6kull ice cap).\" style=\"width: 441px; height: 185px;\" \/> <\/a> <div class=\"tiled-gallery-caption\" itemprop=\"caption description\"> Skaftafell National Park measures about 4807 km2 (2884 mi\u00b2), making it Iceland&#8217;s second largest national park. It is home to the valley Mors\u00e1rdalur, the mountain Krist\u00ednartindar and the glacier Skaftafellsj\u00f6kull (a spur of the Vatnaj\u00f6kull ice cap). <\/div> <\/div> <\/div> <!-- close group --> <div class=\"gallery-group images-1\" style=\"width: 281px; height: 189px;\" data-original-width=\"281\" data-original-height=\"189\" > <div class=\"tiled-gallery-item tiled-gallery-item-large\" itemprop=\"associatedMedia\" itemscope itemtype=\"http:\/\/schema.org\/ImageObject\"> <a href=\"https:\/\/www.edwardbacon.com\/blog\/2013\/04\/iceland-march-11-2013\/wpid-iceland-7665_edit_2086-jpg\/\" border=\"0\" itemprop=\"url\"> <meta itemprop=\"width\" content=\"277\"> <meta itemprop=\"height\" content=\"185\"> <img decoding=\"async\" class=\"\" data-attachment-id=\"1571\" data-orig-file=\"https:\/\/www.edwardbacon.com\/blog\/wp-content\/uploads\/2013\/04\/wpid-Iceland-7665_Edit_2086.jpg\" data-orig-size=\"900,600\" data-comments-opened=\"1\" data-image-meta=\"{&quot;aperture&quot;:&quot;22&quot;,&quot;credit&quot;:&quot;Edward F. Bacon&quot;,&quot;camera&quot;:&quot;Canon EOS-1D Mark IV&quot;,&quot;caption&quot;:&quot;Skaftafell National Park measures about 4807 km2 (2884 mi\\u00b2), making it Iceland\\u0027s second largest national park. It is home to the valley Mors\\u00e1rdalur, the mountain Krist\\u00ednartindar and the glacier Skaftafellsj\\u00f6kull (a spur of the Vatnaj\\u00f6kull ice cap).&quot;,&quot;created_timestamp&quot;:&quot;1362982280&quot;,&quot;copyright&quot;:&quot;\\u00a92013 Edward F. Bacon \\\/ Nantmeal Village, PA \\\/ All Rights Reserved&quot;,&quot;focal_length&quot;:&quot;17&quot;,&quot;iso&quot;:&quot;100&quot;,&quot;shutter_speed&quot;:&quot;0.05&quot;,&quot;title&quot;:&quot;Sv\\u00ednafellsj\\u00f6kull&quot;,&quot;orientation&quot;:&quot;0&quot;}\" data-image-title=\"Skaftafellsj\u00f6kull \" data-image-description=\"\" data-medium-file=\"https:\/\/i0.wp.com\/www.edwardbacon.com\/blog\/wp-content\/uploads\/2013\/04\/wpid-Iceland-7665_Edit_2086.jpg?fit=620%2C413&#038;ssl=1\" data-large-file=\"https:\/\/i0.wp.com\/www.edwardbacon.com\/blog\/wp-content\/uploads\/2013\/04\/wpid-Iceland-7665_Edit_2086.jpg?fit=900%2C600&#038;ssl=1\" src=\"https:\/\/i0.wp.com\/www.edwardbacon.com\/blog\/wp-content\/uploads\/2013\/04\/wpid-Iceland-7665_Edit_2086.jpg?w=277&#038;h=185&#038;ssl=1\" srcset=\"https:\/\/i0.wp.com\/www.edwardbacon.com\/blog\/wp-content\/uploads\/2013\/04\/wpid-Iceland-7665_Edit_2086.jpg?w=900&amp;ssl=1 900w, https:\/\/i0.wp.com\/www.edwardbacon.com\/blog\/wp-content\/uploads\/2013\/04\/wpid-Iceland-7665_Edit_2086.jpg?resize=620%2C413&amp;ssl=1 620w, https:\/\/i0.wp.com\/www.edwardbacon.com\/blog\/wp-content\/uploads\/2013\/04\/wpid-Iceland-7665_Edit_2086.jpg?resize=768%2C512&amp;ssl=1 768w, https:\/\/i0.wp.com\/www.edwardbacon.com\/blog\/wp-content\/uploads\/2013\/04\/wpid-Iceland-7665_Edit_2086.jpg?resize=570%2C380&amp;ssl=1 570w\" width=\"277\" height=\"185\" loading=\"lazy\" data-original-width=\"277\" data-original-height=\"185\" itemprop=\"http:\/\/schema.org\/image\" title=\"Skaftafellsj\u00f6kull \" alt=\"Skaftafell National Park measures about 4807 km2 (2884 mi\u00b2), making it Iceland&#039;s second largest national park. It is home to the valley Mors\u00e1rdalur, the mountain Krist\u00ednartindar and the glacier Skaftafellsj\u00f6kull (a spur of the Vatnaj\u00f6kull ice cap).\" style=\"width: 277px; height: 185px;\" \/> <\/a> <div class=\"tiled-gallery-caption\" itemprop=\"caption description\"> Skaftafell National Park measures about 4807 km2 (2884 mi\u00b2), making it Iceland&#8217;s second largest national park. It is home to the valley Mors\u00e1rdalur, the mountain Krist\u00ednartindar and the glacier Skaftafellsj\u00f6kull (a spur of the Vatnaj\u00f6kull ice cap). <\/div> <\/div> <\/div> <!-- close group --> <div class=\"gallery-group images-1\" style=\"width: 444px; height: 189px;\" data-original-width=\"444\" data-original-height=\"189\" > <div class=\"tiled-gallery-item tiled-gallery-item-large\" itemprop=\"associatedMedia\" itemscope itemtype=\"http:\/\/schema.org\/ImageObject\"> <a href=\"https:\/\/www.edwardbacon.com\/blog\/2013\/04\/iceland-march-11-2013\/wpid-iceland-7711_edit_2228-jpg\/\" border=\"0\" itemprop=\"url\"> <meta itemprop=\"width\" content=\"440\"> <meta itemprop=\"height\" content=\"185\"> <img decoding=\"async\" class=\"\" data-attachment-id=\"1572\" data-orig-file=\"https:\/\/www.edwardbacon.com\/blog\/wp-content\/uploads\/2013\/04\/wpid-Iceland-7711_Edit_2228.jpg\" data-orig-size=\"900,377\" data-comments-opened=\"1\" data-image-meta=\"{&quot;aperture&quot;:&quot;9&quot;,&quot;credit&quot;:&quot;Edward F. Bacon&quot;,&quot;camera&quot;:&quot;Canon EOS-1D Mark IV&quot;,&quot;caption&quot;:&quot;Skaftafell National Park measures about 4807 km2 (2884 mi\\u00b2), making it Iceland\\u0027s second largest national park. It is home to the valley Mors\\u00e1rdalur, the mountain Krist\\u00ednartindar and the glacier Skaftafellsj\\u00f6kull (a spur of the Vatnaj\\u00f6kull ice cap).&quot;,&quot;created_timestamp&quot;:&quot;1362983849&quot;,&quot;copyright&quot;:&quot;\\u00a92013 Edward F. Bacon \\\/ Nantmeal Village, PA \\\/ All Rights Reserved&quot;,&quot;focal_length&quot;:&quot;40&quot;,&quot;iso&quot;:&quot;200&quot;,&quot;shutter_speed&quot;:&quot;0.005&quot;,&quot;title&quot;:&quot;Sv\\u00ednafellsj\\u00f6kull&quot;,&quot;orientation&quot;:&quot;0&quot;}\" data-image-title=\"Skaftafellsj\u00f6kull \" data-image-description=\"\" data-medium-file=\"https:\/\/i0.wp.com\/www.edwardbacon.com\/blog\/wp-content\/uploads\/2013\/04\/wpid-Iceland-7711_Edit_2228.jpg?fit=620%2C260&#038;ssl=1\" data-large-file=\"https:\/\/i0.wp.com\/www.edwardbacon.com\/blog\/wp-content\/uploads\/2013\/04\/wpid-Iceland-7711_Edit_2228.jpg?fit=900%2C377&#038;ssl=1\" src=\"https:\/\/i0.wp.com\/www.edwardbacon.com\/blog\/wp-content\/uploads\/2013\/04\/wpid-Iceland-7711_Edit_2228.jpg?w=440&#038;h=185&#038;ssl=1\" srcset=\"https:\/\/i0.wp.com\/www.edwardbacon.com\/blog\/wp-content\/uploads\/2013\/04\/wpid-Iceland-7711_Edit_2228.jpg?w=900&amp;ssl=1 900w, https:\/\/i0.wp.com\/www.edwardbacon.com\/blog\/wp-content\/uploads\/2013\/04\/wpid-Iceland-7711_Edit_2228.jpg?resize=620%2C260&amp;ssl=1 620w, https:\/\/i0.wp.com\/www.edwardbacon.com\/blog\/wp-content\/uploads\/2013\/04\/wpid-Iceland-7711_Edit_2228.jpg?resize=768%2C322&amp;ssl=1 768w, https:\/\/i0.wp.com\/www.edwardbacon.com\/blog\/wp-content\/uploads\/2013\/04\/wpid-Iceland-7711_Edit_2228.jpg?resize=570%2C239&amp;ssl=1 570w\" width=\"440\" height=\"185\" loading=\"lazy\" data-original-width=\"440\" data-original-height=\"185\" itemprop=\"http:\/\/schema.org\/image\" title=\"Skaftafellsj\u00f6kull \" alt=\"Skaftafell National Park measures about 4807 km2 (2884 mi\u00b2), making it Iceland&#039;s second largest national park. It is home to the valley Mors\u00e1rdalur, the mountain Krist\u00ednartindar and the glacier Skaftafellsj\u00f6kull (a spur of the Vatnaj\u00f6kull ice cap).\" style=\"width: 440px; height: 185px;\" \/> <\/a> <div class=\"tiled-gallery-caption\" itemprop=\"caption description\"> Skaftafell National Park measures about 4807 km2 (2884 mi\u00b2), making it Iceland&#8217;s second largest national park. It is home to the valley Mors\u00e1rdalur, the mountain Krist\u00ednartindar and the glacier Skaftafellsj\u00f6kull (a spur of the Vatnaj\u00f6kull ice cap). <\/div> <\/div> <\/div> <!-- close group --> <\/div> <!-- close row --> <div class=\"gallery-row\" style=\"width: 1170px; height: 384px;\" data-original-width=\"1170\" data-original-height=\"384\" > <div class=\"gallery-group images-1\" style=\"width: 258px; height: 384px;\" data-original-width=\"258\" data-original-height=\"384\" > <div class=\"tiled-gallery-item tiled-gallery-item-large\" itemprop=\"associatedMedia\" itemscope itemtype=\"http:\/\/schema.org\/ImageObject\"> <a href=\"https:\/\/www.edwardbacon.com\/blog\/2013\/04\/iceland-march-11-2013\/wpid-iceland-7767-jpg\/\" border=\"0\" itemprop=\"url\"> <meta itemprop=\"width\" content=\"254\"> <meta itemprop=\"height\" content=\"380\"> <img decoding=\"async\" class=\"\" data-attachment-id=\"1573\" data-orig-file=\"https:\/\/www.edwardbacon.com\/blog\/wp-content\/uploads\/2013\/04\/wpid-Iceland-7767.jpg\" data-orig-size=\"600,900\" data-comments-opened=\"1\" data-image-meta=\"{&quot;aperture&quot;:&quot;11&quot;,&quot;credit&quot;:&quot;Edward F. Bacon&quot;,&quot;camera&quot;:&quot;Canon EOS-1D Mark IV&quot;,&quot;caption&quot;:&quot;Hof in \\u00d6r\\u00e6fi has been a ecclesiastical site for almost 700 years, and is first mentioned in a cartulary from 1343. Hofskirkja Church was dedicated to saint Clement. The core of the current church at Hof was built in 1884, and was the last turf church built in the old Icelandic architectural style. Its walls are assembled of rocks and its roof made of stone slabs, covered in turf. The reredos in Hofskirkja Church was painted by the artist \\u00d3lafur T\\u00fabals. Hofskirkja Church is one of six churches, in Iceland still standing which are preserved as historical monuments. It is recorded that P\\u00e1ll P\\u00e1lsson, a carpenter, built the church, but \\u00deorsteinn Gissurarson, a blacksmith from Hof forged the building hardware, the lock and hinges. The church is maintained by the National Museum but also serves as a parish church.&quot;,&quot;created_timestamp&quot;:&quot;1362989403&quot;,&quot;copyright&quot;:&quot;\\u00a92013 Edward F. Bacon \\\/ Nantmeal Village, PA \\\/ All Rights Reserved&quot;,&quot;focal_length&quot;:&quot;105&quot;,&quot;iso&quot;:&quot;200&quot;,&quot;shutter_speed&quot;:&quot;0.004&quot;,&quot;title&quot;:&quot;Hofskirkja&quot;,&quot;orientation&quot;:&quot;0&quot;}\" data-image-title=\"Hofskirkja cemetery\" data-image-description=\"\" data-medium-file=\"https:\/\/i0.wp.com\/www.edwardbacon.com\/blog\/wp-content\/uploads\/2013\/04\/wpid-Iceland-7767.jpg?fit=600%2C900&#038;ssl=1\" data-large-file=\"https:\/\/i0.wp.com\/www.edwardbacon.com\/blog\/wp-content\/uploads\/2013\/04\/wpid-Iceland-7767.jpg?fit=600%2C900&#038;ssl=1\" src=\"https:\/\/i0.wp.com\/www.edwardbacon.com\/blog\/wp-content\/uploads\/2013\/04\/wpid-Iceland-7767.jpg?w=254&#038;h=380&#038;ssl=1\" srcset=\"https:\/\/i0.wp.com\/www.edwardbacon.com\/blog\/wp-content\/uploads\/2013\/04\/wpid-Iceland-7767.jpg?w=600&amp;ssl=1 600w, https:\/\/i0.wp.com\/www.edwardbacon.com\/blog\/wp-content\/uploads\/2013\/04\/wpid-Iceland-7767.jpg?resize=570%2C855&amp;ssl=1 570w\" width=\"254\" height=\"380\" loading=\"lazy\" data-original-width=\"254\" data-original-height=\"380\" itemprop=\"http:\/\/schema.org\/image\" title=\"Hofskirkja cemetery\" alt=\"Hof in \u00d6r\u00e6fi has been a ecclesiastical site for almost 700 years, and is first mentioned in a cartulary from 1343. Hofskirkja Church was dedicated to saint Clement. The core of the current church at Hof was built in 1884, and was the last turf church built in the old Icelandic architectural style.\" style=\"width: 254px; height: 380px;\" \/> <\/a> <div class=\"tiled-gallery-caption\" itemprop=\"caption description\"> Hof in \u00d6r\u00e6fi has been a ecclesiastical site for almost 700 years, and is first mentioned in a cartulary from 1343. Hofskirkja Church was dedicated to saint Clement. The core of the current church at Hof was built in 1884, and was the last turf church built in the old Icelandic architectural style. <\/div> <\/div> <\/div> <!-- close group --> <div class=\"gallery-group images-1\" style=\"width: 912px; height: 384px;\" data-original-width=\"912\" data-original-height=\"384\" > <div class=\"tiled-gallery-item tiled-gallery-item-large\" itemprop=\"associatedMedia\" itemscope itemtype=\"http:\/\/schema.org\/ImageObject\"> <a href=\"https:\/\/www.edwardbacon.com\/blog\/2013\/04\/iceland-march-11-2013\/wpid-iceland-7813_edit_2217-jpg\/\" border=\"0\" itemprop=\"url\"> <meta itemprop=\"width\" content=\"908\"> <meta itemprop=\"height\" content=\"380\"> <img decoding=\"async\" class=\"\" data-attachment-id=\"1574\" data-orig-file=\"https:\/\/www.edwardbacon.com\/blog\/wp-content\/uploads\/2013\/04\/wpid-Iceland-7813_Edit_2217.jpg\" data-orig-size=\"900,377\" data-comments-opened=\"1\" data-image-meta=\"{&quot;aperture&quot;:&quot;9&quot;,&quot;credit&quot;:&quot;Edward F. Bacon&quot;,&quot;camera&quot;:&quot;Canon EOS-1D Mark IV&quot;,&quot;caption&quot;:&quot;Vatnaj\\u00f6kull [\\u02c8va\\u02b0dna\\u02ccj\\u0153\\u02d0k\\u028ftl\\u0325] (meaning Glacier of Rivers), also known as the Vatna Glacier, is the largest and most voluminous Icelandic glacier, and one of the largest in area in Europe. It is located in the south-east of the island, covering more than 8 percent of the country.&quot;,&quot;created_timestamp&quot;:&quot;1362994779&quot;,&quot;copyright&quot;:&quot;\\u00a92013 Edward F. Bacon \\\/ Nantmeal Village, PA \\\/ All Rights Reserved&quot;,&quot;focal_length&quot;:&quot;24&quot;,&quot;iso&quot;:&quot;200&quot;,&quot;shutter_speed&quot;:&quot;0.00125&quot;,&quot;title&quot;:&quot;Vatnaj\\u00f6kull&quot;,&quot;orientation&quot;:&quot;0&quot;}\" data-image-title=\"Vatnaj\u00f6kull \" data-image-description=\"\" data-medium-file=\"https:\/\/i0.wp.com\/www.edwardbacon.com\/blog\/wp-content\/uploads\/2013\/04\/wpid-Iceland-7813_Edit_2217.jpg?fit=620%2C260&#038;ssl=1\" data-large-file=\"https:\/\/i0.wp.com\/www.edwardbacon.com\/blog\/wp-content\/uploads\/2013\/04\/wpid-Iceland-7813_Edit_2217.jpg?fit=900%2C377&#038;ssl=1\" src=\"https:\/\/i0.wp.com\/www.edwardbacon.com\/blog\/wp-content\/uploads\/2013\/04\/wpid-Iceland-7813_Edit_2217.jpg?w=908&#038;h=380&#038;ssl=1\" srcset=\"https:\/\/i0.wp.com\/www.edwardbacon.com\/blog\/wp-content\/uploads\/2013\/04\/wpid-Iceland-7813_Edit_2217.jpg?w=900&amp;ssl=1 900w, https:\/\/i0.wp.com\/www.edwardbacon.com\/blog\/wp-content\/uploads\/2013\/04\/wpid-Iceland-7813_Edit_2217.jpg?resize=620%2C260&amp;ssl=1 620w, https:\/\/i0.wp.com\/www.edwardbacon.com\/blog\/wp-content\/uploads\/2013\/04\/wpid-Iceland-7813_Edit_2217.jpg?resize=768%2C322&amp;ssl=1 768w, https:\/\/i0.wp.com\/www.edwardbacon.com\/blog\/wp-content\/uploads\/2013\/04\/wpid-Iceland-7813_Edit_2217.jpg?resize=570%2C239&amp;ssl=1 570w\" width=\"908\" height=\"380\" loading=\"lazy\" data-original-width=\"908\" data-original-height=\"380\" itemprop=\"http:\/\/schema.org\/image\" title=\"Vatnaj\u00f6kull \" alt=\"Vatnaj\u00f6kull (meaning Glacier of Rivers), also known as the Vatna Glacier, is the largest and most voluminous Icelandic glacier, and one of the largest in area in Europe.\" style=\"width: 908px; height: 380px;\" \/> <\/a> <div class=\"tiled-gallery-caption\" itemprop=\"caption description\"> Vatnaj\u00f6kull (meaning Glacier of Rivers), also known as the Vatna Glacier, is the largest and most voluminous Icelandic glacier, and one of the largest in area in Europe. <\/div> <\/div> <\/div> <!-- close group --> <\/div> <!-- close row --> <div class=\"gallery-row\" style=\"width: 1170px; height: 491px;\" data-original-width=\"1170\" data-original-height=\"491\" > <div class=\"gallery-group images-1\" style=\"width: 1170px; height: 491px;\" data-original-width=\"1170\" data-original-height=\"491\" > <div class=\"tiled-gallery-item tiled-gallery-item-large\" itemprop=\"associatedMedia\" itemscope itemtype=\"http:\/\/schema.org\/ImageObject\"> <a href=\"https:\/\/www.edwardbacon.com\/blog\/2013\/04\/iceland-march-11-2013\/wpid-iceland-7822_edit_2225-jpg\/\" border=\"0\" itemprop=\"url\"> <meta itemprop=\"width\" content=\"1166\"> <meta itemprop=\"height\" content=\"487\"> <img decoding=\"async\" class=\"\" data-attachment-id=\"1575\" data-orig-file=\"https:\/\/www.edwardbacon.com\/blog\/wp-content\/uploads\/2013\/04\/wpid-Iceland-7822_Edit_2225.jpg\" data-orig-size=\"900,376\" data-comments-opened=\"1\" data-image-meta=\"{&quot;aperture&quot;:&quot;9&quot;,&quot;credit&quot;:&quot;Edward F. Bacon&quot;,&quot;camera&quot;:&quot;Canon EOS-1D Mark IV&quot;,&quot;caption&quot;:&quot;Fjalls\\u00e1rl\\u00f3n is a glacier lake at the south end of the Icelandic glacier Vatnaj\\u00f6kull. Fjallsj\\u00f6kull which is part of the bigger glacier reaches down to the water of the lake and some ice-bergs are drifting by on its surface.\\rIt is situated not far from Skaftafell National Park and the better known glacier lake J\\u00f6kuls\\u00e1rl\\u00f3n. From the glacier lake Brei\\u00f0\\u00e1rl\\u00f3n a little river flows into the Fjalls\\u00e1rl\\u00f3n&quot;,&quot;created_timestamp&quot;:&quot;1362994834&quot;,&quot;copyright&quot;:&quot;\\u00a92013 Edward F. Bacon \\\/ Nantmeal Village, PA \\\/ All Rights Reserved&quot;,&quot;focal_length&quot;:&quot;93&quot;,&quot;iso&quot;:&quot;200&quot;,&quot;shutter_speed&quot;:&quot;0.0008&quot;,&quot;title&quot;:&quot;Fjalls\\u00e1rl\\u00f3n&quot;,&quot;orientation&quot;:&quot;0&quot;}\" data-image-title=\"Fjalls\u00e1rl\u00f3n \" data-image-description=\"\" data-medium-file=\"https:\/\/i0.wp.com\/www.edwardbacon.com\/blog\/wp-content\/uploads\/2013\/04\/wpid-Iceland-7822_Edit_2225.jpg?fit=620%2C259&#038;ssl=1\" data-large-file=\"https:\/\/i0.wp.com\/www.edwardbacon.com\/blog\/wp-content\/uploads\/2013\/04\/wpid-Iceland-7822_Edit_2225.jpg?fit=900%2C376&#038;ssl=1\" src=\"https:\/\/i0.wp.com\/www.edwardbacon.com\/blog\/wp-content\/uploads\/2013\/04\/wpid-Iceland-7822_Edit_2225.jpg?w=1166&#038;h=487&#038;ssl=1\" srcset=\"https:\/\/i0.wp.com\/www.edwardbacon.com\/blog\/wp-content\/uploads\/2013\/04\/wpid-Iceland-7822_Edit_2225.jpg?w=900&amp;ssl=1 900w, https:\/\/i0.wp.com\/www.edwardbacon.com\/blog\/wp-content\/uploads\/2013\/04\/wpid-Iceland-7822_Edit_2225.jpg?resize=620%2C259&amp;ssl=1 620w, https:\/\/i0.wp.com\/www.edwardbacon.com\/blog\/wp-content\/uploads\/2013\/04\/wpid-Iceland-7822_Edit_2225.jpg?resize=768%2C321&amp;ssl=1 768w, https:\/\/i0.wp.com\/www.edwardbacon.com\/blog\/wp-content\/uploads\/2013\/04\/wpid-Iceland-7822_Edit_2225.jpg?resize=570%2C238&amp;ssl=1 570w\" width=\"1166\" height=\"487\" loading=\"lazy\" data-original-width=\"1166\" data-original-height=\"487\" itemprop=\"http:\/\/schema.org\/image\" title=\"Fjalls\u00e1rl\u00f3n \" alt=\"Fjalls\u00e1rl\u00f3n is a glacier lake at the south end of the Icelandic glacier Vatnaj\u00f6kull. Fjallsj\u00f6kull which is part of the bigger glacier reaches down to the water of the lake and some ice-bergs are drifting by on its surface.\" style=\"width: 1166px; height: 487px;\" \/> <\/a> <div class=\"tiled-gallery-caption\" itemprop=\"caption description\"> Fjalls\u00e1rl\u00f3n is a glacier lake at the south end of the Icelandic glacier Vatnaj\u00f6kull. Fjallsj\u00f6kull which is part of the bigger glacier reaches down to the water of the lake and some ice-bergs are drifting by on its surface. <\/div> <\/div> <\/div> <!-- close group --> <\/div> <!-- close row --> <div class=\"gallery-row\" style=\"width: 1170px; height: 559px;\" data-original-width=\"1170\" data-original-height=\"559\" > <div class=\"gallery-group images-1\" style=\"width: 836px; height: 559px;\" data-original-width=\"836\" data-original-height=\"559\" > <div class=\"tiled-gallery-item tiled-gallery-item-large\" itemprop=\"associatedMedia\" itemscope itemtype=\"http:\/\/schema.org\/ImageObject\"> <a href=\"https:\/\/www.edwardbacon.com\/blog\/2013\/04\/iceland-march-11-2013\/wpid-iceland-7860_edit_2234-jpg\/\" border=\"0\" itemprop=\"url\"> <meta itemprop=\"width\" content=\"832\"> <meta itemprop=\"height\" content=\"555\"> <img decoding=\"async\" class=\"\" data-attachment-id=\"1576\" data-orig-file=\"https:\/\/www.edwardbacon.com\/blog\/wp-content\/uploads\/2013\/04\/wpid-Iceland-7860_Edit_2234.jpg\" data-orig-size=\"900,600\" data-comments-opened=\"1\" data-image-meta=\"{&quot;aperture&quot;:&quot;8&quot;,&quot;credit&quot;:&quot;Edward F. Bacon&quot;,&quot;camera&quot;:&quot;Canon EOS-1D Mark IV&quot;,&quot;caption&quot;:&quot;Vatnaj\\u00f6kull [\\u02c8va\\u02b0dna\\u02ccj\\u0153\\u02d0k\\u028ftl\\u0325] (meaning Glacier of Rivers), also known as the Vatna Glacier, is the largest and most voluminous Icelandic glacier, and one of the largest in area in Europe. It is located in the south-east of the island, covering more than 8 percent of the country.&quot;,&quot;created_timestamp&quot;:&quot;1362996219&quot;,&quot;copyright&quot;:&quot;\\u00a92013 Edward F. Bacon \\\/ Nantmeal Village, PA \\\/ All Rights Reserved&quot;,&quot;focal_length&quot;:&quot;65&quot;,&quot;iso&quot;:&quot;200&quot;,&quot;shutter_speed&quot;:&quot;0.002&quot;,&quot;title&quot;:&quot;Vatnaj\\u00f6kull&quot;,&quot;orientation&quot;:&quot;0&quot;}\" data-image-title=\"Vatnaj\u00f6kull \" data-image-description=\"\" data-medium-file=\"https:\/\/i0.wp.com\/www.edwardbacon.com\/blog\/wp-content\/uploads\/2013\/04\/wpid-Iceland-7860_Edit_2234.jpg?fit=620%2C413&#038;ssl=1\" data-large-file=\"https:\/\/i0.wp.com\/www.edwardbacon.com\/blog\/wp-content\/uploads\/2013\/04\/wpid-Iceland-7860_Edit_2234.jpg?fit=900%2C600&#038;ssl=1\" src=\"https:\/\/i0.wp.com\/www.edwardbacon.com\/blog\/wp-content\/uploads\/2013\/04\/wpid-Iceland-7860_Edit_2234.jpg?w=832&#038;h=555&#038;ssl=1\" srcset=\"https:\/\/i0.wp.com\/www.edwardbacon.com\/blog\/wp-content\/uploads\/2013\/04\/wpid-Iceland-7860_Edit_2234.jpg?w=900&amp;ssl=1 900w, https:\/\/i0.wp.com\/www.edwardbacon.com\/blog\/wp-content\/uploads\/2013\/04\/wpid-Iceland-7860_Edit_2234.jpg?resize=620%2C413&amp;ssl=1 620w, https:\/\/i0.wp.com\/www.edwardbacon.com\/blog\/wp-content\/uploads\/2013\/04\/wpid-Iceland-7860_Edit_2234.jpg?resize=768%2C512&amp;ssl=1 768w, https:\/\/i0.wp.com\/www.edwardbacon.com\/blog\/wp-content\/uploads\/2013\/04\/wpid-Iceland-7860_Edit_2234.jpg?resize=570%2C380&amp;ssl=1 570w\" width=\"832\" height=\"555\" loading=\"lazy\" data-original-width=\"832\" data-original-height=\"555\" itemprop=\"http:\/\/schema.org\/image\" title=\"Vatnaj\u00f6kull \" alt=\"Vatnaj\u00f6kull (meaning Glacier of Rivers), also known as the Vatna Glacier, is the largest and most voluminous Icelandic glacier, and one of the largest in area in Europe.\" style=\"width: 832px; height: 555px;\" \/> <\/a> <div class=\"tiled-gallery-caption\" itemprop=\"caption description\"> Vatnaj\u00f6kull (meaning Glacier of Rivers), also known as the Vatna Glacier, is the largest and most voluminous Icelandic glacier, and one of the largest in area in Europe. <\/div> <\/div> <\/div> <!-- close group --> <div class=\"gallery-group images-2\" style=\"width: 334px; height: 559px;\" data-original-width=\"334\" data-original-height=\"559\" > <div class=\"tiled-gallery-item tiled-gallery-item-large\" itemprop=\"associatedMedia\" itemscope itemtype=\"http:\/\/schema.org\/ImageObject\"> <a href=\"https:\/\/www.edwardbacon.com\/blog\/2013\/04\/iceland-march-11-2013\/wpid-iceland-7898_edit_2237-jpg\/\" border=\"0\" itemprop=\"url\"> <meta itemprop=\"width\" content=\"330\"> <meta itemprop=\"height\" content=\"185\"> <img decoding=\"async\" class=\"\" data-attachment-id=\"1577\" data-orig-file=\"https:\/\/www.edwardbacon.com\/blog\/wp-content\/uploads\/2013\/04\/wpid-Iceland-7898_Edit_2237.jpg\" data-orig-size=\"900,505\" data-comments-opened=\"1\" data-image-meta=\"{&quot;aperture&quot;:&quot;10&quot;,&quot;credit&quot;:&quot;Edward F. Bacon&quot;,&quot;camera&quot;:&quot;Canon EOS-1D Mark IV&quot;,&quot;caption&quot;:&quot;J\\u00f6kuls\\u00e1rl\\u00f3n (literally \\u0022glacial river lagoon\\u0022) is a large glacial lagoon in southeast Iceland, on the borders of Vatnaj\\u00f6kull National Park. Situated at the head of Brei\\u00f0amerkurj\\u00f6kull, it evolved into a lagoon after the glacier started receding from the edge of the Atlantic Ocean.&quot;,&quot;created_timestamp&quot;:&quot;1363001996&quot;,&quot;copyright&quot;:&quot;\\u00a92013 Edward F. Bacon \\\/ Nantmeal Village, PA \\\/ All Rights Reserved&quot;,&quot;focal_length&quot;:&quot;105&quot;,&quot;iso&quot;:&quot;200&quot;,&quot;shutter_speed&quot;:&quot;0.004&quot;,&quot;title&quot;:&quot;J\\u00f6kuls\\u00e1rl\\u00f3n glacier lagoon&quot;,&quot;orientation&quot;:&quot;0&quot;}\" data-image-title=\"J\u00f6kuls\u00e1rl\u00f3n glacier lagoon\" data-image-description=\"\" data-medium-file=\"https:\/\/i0.wp.com\/www.edwardbacon.com\/blog\/wp-content\/uploads\/2013\/04\/wpid-Iceland-7898_Edit_2237.jpg?fit=620%2C348&#038;ssl=1\" data-large-file=\"https:\/\/i0.wp.com\/www.edwardbacon.com\/blog\/wp-content\/uploads\/2013\/04\/wpid-Iceland-7898_Edit_2237.jpg?fit=900%2C505&#038;ssl=1\" src=\"https:\/\/i0.wp.com\/www.edwardbacon.com\/blog\/wp-content\/uploads\/2013\/04\/wpid-Iceland-7898_Edit_2237.jpg?w=330&#038;h=185&#038;ssl=1\" srcset=\"https:\/\/i0.wp.com\/www.edwardbacon.com\/blog\/wp-content\/uploads\/2013\/04\/wpid-Iceland-7898_Edit_2237.jpg?w=900&amp;ssl=1 900w, https:\/\/i0.wp.com\/www.edwardbacon.com\/blog\/wp-content\/uploads\/2013\/04\/wpid-Iceland-7898_Edit_2237.jpg?resize=620%2C348&amp;ssl=1 620w, https:\/\/i0.wp.com\/www.edwardbacon.com\/blog\/wp-content\/uploads\/2013\/04\/wpid-Iceland-7898_Edit_2237.jpg?resize=768%2C431&amp;ssl=1 768w, https:\/\/i0.wp.com\/www.edwardbacon.com\/blog\/wp-content\/uploads\/2013\/04\/wpid-Iceland-7898_Edit_2237.jpg?resize=570%2C320&amp;ssl=1 570w, https:\/\/i0.wp.com\/www.edwardbacon.com\/blog\/wp-content\/uploads\/2013\/04\/wpid-Iceland-7898_Edit_2237.jpg?resize=528%2C297&amp;ssl=1 528w\" width=\"330\" height=\"185\" loading=\"lazy\" data-original-width=\"330\" data-original-height=\"185\" itemprop=\"http:\/\/schema.org\/image\" title=\"J\u00f6kuls\u00e1rl\u00f3n glacier lagoon\" alt=\"J\u00f6kuls\u00e1rl\u00f3n (literally &quot;glacial river lagoon&quot;) is a large glacial lagoon in southeast Iceland, on the borders of Vatnaj\u00f6kull National Park. Situated at the head of Brei\u00f0amerkurj\u00f6kull, it evolved into a lagoon after the glacier started receding from the edge of the Atlantic Ocean.\" style=\"width: 330px; height: 185px;\" \/> <\/a> <div class=\"tiled-gallery-caption\" itemprop=\"caption description\"> J\u00f6kuls\u00e1rl\u00f3n (literally &#8220;glacial river lagoon&#8221;) is a large glacial lagoon in southeast Iceland, on the borders of Vatnaj\u00f6kull National Park. Situated at the head of Brei\u00f0amerkurj\u00f6kull, it evolved into a lagoon after the glacier started receding from the edge of the Atlantic Ocean. <\/div> <\/div> <div class=\"tiled-gallery-item tiled-gallery-item-large\" itemprop=\"associatedMedia\" itemscope itemtype=\"http:\/\/schema.org\/ImageObject\"> <a href=\"https:\/\/www.edwardbacon.com\/blog\/2013\/04\/iceland-march-11-2013\/wpid-iceland-7935_edit_2238-jpg\/\" border=\"0\" itemprop=\"url\"> <meta itemprop=\"width\" content=\"330\"> <meta itemprop=\"height\" content=\"366\"> <img decoding=\"async\" class=\"\" data-attachment-id=\"1578\" data-orig-file=\"https:\/\/www.edwardbacon.com\/blog\/wp-content\/uploads\/2013\/04\/wpid-Iceland-7935_Edit_2238.jpg\" data-orig-size=\"811,900\" data-comments-opened=\"1\" data-image-meta=\"{&quot;aperture&quot;:&quot;7.1&quot;,&quot;credit&quot;:&quot;Edward F. Bacon&quot;,&quot;camera&quot;:&quot;Canon EOS-1D Mark IV&quot;,&quot;caption&quot;:&quot;J\\u00f6kuls\\u00e1rl\\u00f3n (literally \\u0022glacial river lagoon\\u0022) is a large glacial lagoon in southeast Iceland, on the borders of Vatnaj\\u00f6kull National Park. Situated at the head of Brei\\u00f0amerkurj\\u00f6kull, it evolved into a lagoon after the glacier started receding from the edge of the Atlantic Ocean.&quot;,&quot;created_timestamp&quot;:&quot;1363003890&quot;,&quot;copyright&quot;:&quot;\\u00a92013 Edward F. Bacon \\\/ Nantmeal Village, PA \\\/ All Rights Reserved&quot;,&quot;focal_length&quot;:&quot;35&quot;,&quot;iso&quot;:&quot;200&quot;,&quot;shutter_speed&quot;:&quot;0.004&quot;,&quot;title&quot;:&quot;J\\u00f6kuls\\u00e1rl\\u00f3n beach&quot;,&quot;orientation&quot;:&quot;0&quot;}\" data-image-title=\"J\u00f6kuls\u00e1rl\u00f3n beach\" data-image-description=\"\" data-medium-file=\"https:\/\/i0.wp.com\/www.edwardbacon.com\/blog\/wp-content\/uploads\/2013\/04\/wpid-Iceland-7935_Edit_2238.jpg?fit=620%2C688&#038;ssl=1\" data-large-file=\"https:\/\/i0.wp.com\/www.edwardbacon.com\/blog\/wp-content\/uploads\/2013\/04\/wpid-Iceland-7935_Edit_2238.jpg?fit=811%2C900&#038;ssl=1\" src=\"https:\/\/i0.wp.com\/www.edwardbacon.com\/blog\/wp-content\/uploads\/2013\/04\/wpid-Iceland-7935_Edit_2238.jpg?w=330&#038;h=366&#038;ssl=1\" srcset=\"https:\/\/i0.wp.com\/www.edwardbacon.com\/blog\/wp-content\/uploads\/2013\/04\/wpid-Iceland-7935_Edit_2238.jpg?w=811&amp;ssl=1 811w, https:\/\/i0.wp.com\/www.edwardbacon.com\/blog\/wp-content\/uploads\/2013\/04\/wpid-Iceland-7935_Edit_2238.jpg?resize=620%2C688&amp;ssl=1 620w, https:\/\/i0.wp.com\/www.edwardbacon.com\/blog\/wp-content\/uploads\/2013\/04\/wpid-Iceland-7935_Edit_2238.jpg?resize=768%2C852&amp;ssl=1 768w, https:\/\/i0.wp.com\/www.edwardbacon.com\/blog\/wp-content\/uploads\/2013\/04\/wpid-Iceland-7935_Edit_2238.jpg?resize=570%2C633&amp;ssl=1 570w\" width=\"330\" height=\"366\" loading=\"lazy\" data-original-width=\"330\" data-original-height=\"366\" itemprop=\"http:\/\/schema.org\/image\" title=\"J\u00f6kuls\u00e1rl\u00f3n beach\" alt=\"Icebergs wash out from J\u00f6kuls\u00e1rl\u00f3n through a narrow inlet. Tides then bring them onto the black sand beach.\" style=\"width: 330px; height: 366px;\" \/> <\/a> <div class=\"tiled-gallery-caption\" itemprop=\"caption description\"> Icebergs wash out from J\u00f6kuls\u00e1rl\u00f3n through a narrow inlet. Tides then bring them onto the black sand beach. <\/div> <\/div> <\/div> <!-- close group --> <\/div> <!-- close row --> <div class=\"gallery-row\" style=\"width: 1170px; height: 343px;\" data-original-width=\"1170\" data-original-height=\"343\" > <div class=\"gallery-group images-1\" style=\"width: 658px; height: 343px;\" data-original-width=\"658\" data-original-height=\"343\" > <div class=\"tiled-gallery-item tiled-gallery-item-large\" itemprop=\"associatedMedia\" itemscope itemtype=\"http:\/\/schema.org\/ImageObject\"> <a href=\"https:\/\/www.edwardbacon.com\/blog\/2013\/04\/iceland-march-11-2013\/wpid-iceland-8063_edit_2089-jpg\/\" border=\"0\" itemprop=\"url\"> <meta itemprop=\"width\" content=\"654\"> <meta itemprop=\"height\" content=\"339\"> <img decoding=\"async\" class=\"\" data-attachment-id=\"1579\" data-orig-file=\"https:\/\/www.edwardbacon.com\/blog\/wp-content\/uploads\/2013\/04\/wpid-Iceland-8063_Edit_2089.jpg\" data-orig-size=\"900,466\" data-comments-opened=\"1\" data-image-meta=\"{&quot;aperture&quot;:&quot;20&quot;,&quot;credit&quot;:&quot;Edward F. Bacon&quot;,&quot;camera&quot;:&quot;Canon EOS-1D Mark IV&quot;,&quot;caption&quot;:&quot;J\\u00f6kuls\\u00e1rl\\u00f3n (literally \\u0022glacial river lagoon\\u0022) is a large glacial lagoon in southeast Iceland, on the borders of Vatnaj\\u00f6kull National Park. Situated at the head of Brei\\u00f0amerkurj\\u00f6kull, it evolved into a lagoon after the glacier started receding from the edge of the Atlantic Ocean.&quot;,&quot;created_timestamp&quot;:&quot;1363007635&quot;,&quot;copyright&quot;:&quot;\\u00a92013 Edward F. Bacon \\\/ Nantmeal Village, PA \\\/ All Rights Reserved&quot;,&quot;focal_length&quot;:&quot;105&quot;,&quot;iso&quot;:&quot;100&quot;,&quot;shutter_speed&quot;:&quot;2.5&quot;,&quot;title&quot;:&quot;J\\u00f6kuls\\u00e1rl\\u00f3n beach&quot;,&quot;orientation&quot;:&quot;0&quot;}\" data-image-title=\"J\u00f6kuls\u00e1rl\u00f3n beach\" data-image-description=\"\" data-medium-file=\"https:\/\/i0.wp.com\/www.edwardbacon.com\/blog\/wp-content\/uploads\/2013\/04\/wpid-Iceland-8063_Edit_2089.jpg?fit=620%2C321&#038;ssl=1\" data-large-file=\"https:\/\/i0.wp.com\/www.edwardbacon.com\/blog\/wp-content\/uploads\/2013\/04\/wpid-Iceland-8063_Edit_2089.jpg?fit=900%2C466&#038;ssl=1\" src=\"https:\/\/i0.wp.com\/www.edwardbacon.com\/blog\/wp-content\/uploads\/2013\/04\/wpid-Iceland-8063_Edit_2089.jpg?w=654&#038;h=339&#038;ssl=1\" srcset=\"https:\/\/i0.wp.com\/www.edwardbacon.com\/blog\/wp-content\/uploads\/2013\/04\/wpid-Iceland-8063_Edit_2089.jpg?w=900&amp;ssl=1 900w, https:\/\/i0.wp.com\/www.edwardbacon.com\/blog\/wp-content\/uploads\/2013\/04\/wpid-Iceland-8063_Edit_2089.jpg?resize=620%2C321&amp;ssl=1 620w, https:\/\/i0.wp.com\/www.edwardbacon.com\/blog\/wp-content\/uploads\/2013\/04\/wpid-Iceland-8063_Edit_2089.jpg?resize=768%2C398&amp;ssl=1 768w, https:\/\/i0.wp.com\/www.edwardbacon.com\/blog\/wp-content\/uploads\/2013\/04\/wpid-Iceland-8063_Edit_2089.jpg?resize=570%2C295&amp;ssl=1 570w\" width=\"654\" height=\"339\" loading=\"lazy\" data-original-width=\"654\" data-original-height=\"339\" itemprop=\"http:\/\/schema.org\/image\" title=\"J\u00f6kuls\u00e1rl\u00f3n beach\" alt=\"Icebergs wash out from J\u00f6kuls\u00e1rl\u00f3n through a narrow inlet. Tides then bring them onto the black sand beach.\" style=\"width: 654px; height: 339px;\" \/> <\/a> <div class=\"tiled-gallery-caption\" itemprop=\"caption description\"> Icebergs wash out from J\u00f6kuls\u00e1rl\u00f3n through a narrow inlet. Tides then bring them onto the black sand beach. <\/div> <\/div> <\/div> <!-- close group --> <div class=\"gallery-group images-1\" style=\"width: 512px; height: 343px;\" data-original-width=\"512\" data-original-height=\"343\" > <div class=\"tiled-gallery-item tiled-gallery-item-large\" itemprop=\"associatedMedia\" itemscope itemtype=\"http:\/\/schema.org\/ImageObject\"> <a href=\"https:\/\/www.edwardbacon.com\/blog\/2013\/04\/iceland-march-11-2013\/wpid-iceland-8065-jpg\/\" border=\"0\" itemprop=\"url\"> <meta itemprop=\"width\" content=\"508\"> <meta itemprop=\"height\" content=\"339\"> <img decoding=\"async\" class=\"\" data-attachment-id=\"1580\" data-orig-file=\"https:\/\/www.edwardbacon.com\/blog\/wp-content\/uploads\/2013\/04\/wpid-Iceland-8065.jpg\" data-orig-size=\"900,600\" data-comments-opened=\"1\" data-image-meta=\"{&quot;aperture&quot;:&quot;5&quot;,&quot;credit&quot;:&quot;Edward F. Bacon&quot;,&quot;camera&quot;:&quot;Canon EOS-1D Mark IV&quot;,&quot;caption&quot;:&quot;J\\u00f6kuls\\u00e1rl\\u00f3n (literally \\u0022glacial river lagoon\\u0022) is a large glacial lagoon in southeast Iceland, on the borders of Vatnaj\\u00f6kull National Park. Situated at the head of Brei\\u00f0amerkurj\\u00f6kull, it evolved into a lagoon after the glacier started receding from the edge of the Atlantic Ocean.&quot;,&quot;created_timestamp&quot;:&quot;1363009229&quot;,&quot;copyright&quot;:&quot;\\u00a92013 Edward F. Bacon \\\/ Nantmeal Village, PA \\\/ All Rights Reserved&quot;,&quot;focal_length&quot;:&quot;17&quot;,&quot;iso&quot;:&quot;400&quot;,&quot;shutter_speed&quot;:&quot;0.0025&quot;,&quot;title&quot;:&quot;J\\u00f6kuls\\u00e1rl\\u00f3n glacier lagoon&quot;,&quot;orientation&quot;:&quot;0&quot;}\" data-image-title=\"J\u00f6kuls\u00e1rl\u00f3n glacier lagoon\" data-image-description=\"\" data-medium-file=\"https:\/\/i0.wp.com\/www.edwardbacon.com\/blog\/wp-content\/uploads\/2013\/04\/wpid-Iceland-8065.jpg?fit=620%2C413&#038;ssl=1\" data-large-file=\"https:\/\/i0.wp.com\/www.edwardbacon.com\/blog\/wp-content\/uploads\/2013\/04\/wpid-Iceland-8065.jpg?fit=900%2C600&#038;ssl=1\" src=\"https:\/\/i0.wp.com\/www.edwardbacon.com\/blog\/wp-content\/uploads\/2013\/04\/wpid-Iceland-8065.jpg?w=508&#038;h=339&#038;ssl=1\" srcset=\"https:\/\/i0.wp.com\/www.edwardbacon.com\/blog\/wp-content\/uploads\/2013\/04\/wpid-Iceland-8065.jpg?w=900&amp;ssl=1 900w, https:\/\/i0.wp.com\/www.edwardbacon.com\/blog\/wp-content\/uploads\/2013\/04\/wpid-Iceland-8065.jpg?resize=620%2C413&amp;ssl=1 620w, https:\/\/i0.wp.com\/www.edwardbacon.com\/blog\/wp-content\/uploads\/2013\/04\/wpid-Iceland-8065.jpg?resize=768%2C512&amp;ssl=1 768w, https:\/\/i0.wp.com\/www.edwardbacon.com\/blog\/wp-content\/uploads\/2013\/04\/wpid-Iceland-8065.jpg?resize=570%2C380&amp;ssl=1 570w\" width=\"508\" height=\"339\" loading=\"lazy\" data-original-width=\"508\" data-original-height=\"339\" itemprop=\"http:\/\/schema.org\/image\" title=\"J\u00f6kuls\u00e1rl\u00f3n glacier lagoon\" alt=\"J\u00f6kuls\u00e1rl\u00f3n (literally &quot;glacial river lagoon&quot;) is a large glacial lagoon in southeast Iceland, on the borders of Vatnaj\u00f6kull National Park. Situated at the head of Brei\u00f0amerkurj\u00f6kull, it evolved into a lagoon after the glacier started receding from the edge of the Atlantic Ocean.\" style=\"width: 508px; height: 339px;\" \/> <\/a> <div class=\"tiled-gallery-caption\" itemprop=\"caption description\"> J\u00f6kuls\u00e1rl\u00f3n (literally &#8220;glacial river lagoon&#8221;) is a large glacial lagoon in southeast Iceland, on the borders of Vatnaj\u00f6kull National Park. Situated at the head of Brei\u00f0amerkurj\u00f6kull, it evolved into a lagoon after the glacier started receding from the edge of the Atlantic Ocean. <\/div> <\/div> <\/div> <!-- close group --> <\/div> <!-- close row --> <div class=\"gallery-row\" style=\"width: 1170px; height: 303px;\" data-original-width=\"1170\" data-original-height=\"303\" > <div class=\"gallery-group images-1\" style=\"width: 718px; height: 303px;\" data-original-width=\"718\" data-original-height=\"303\" > <div class=\"tiled-gallery-item tiled-gallery-item-large\" itemprop=\"associatedMedia\" itemscope itemtype=\"http:\/\/schema.org\/ImageObject\"> <a href=\"https:\/\/www.edwardbacon.com\/blog\/2013\/04\/iceland-march-11-2013\/wpid-iceland-8111_edit_2224-jpg\/\" border=\"0\" itemprop=\"url\"> <meta itemprop=\"width\" content=\"714\"> <meta itemprop=\"height\" content=\"299\"> <img decoding=\"async\" class=\"\" data-attachment-id=\"1581\" data-orig-file=\"https:\/\/www.edwardbacon.com\/blog\/wp-content\/uploads\/2013\/04\/wpid-Iceland-8111_Edit_2224.jpg\" data-orig-size=\"900,377\" data-comments-opened=\"1\" data-image-meta=\"{&quot;aperture&quot;:&quot;20&quot;,&quot;credit&quot;:&quot;Edward F. Bacon&quot;,&quot;camera&quot;:&quot;Canon EOS-1D Mark IV&quot;,&quot;caption&quot;:&quot;J\\u00f6kuls\\u00e1rl\\u00f3n (literally \\u0022glacial river lagoon\\u0022) is a large glacial lagoon in southeast Iceland, on the borders of Vatnaj\\u00f6kull National Park. Situated at the head of Brei\\u00f0amerkurj\\u00f6kull, it evolved into a lagoon after the glacier started receding from the edge of the Atlantic Ocean.&quot;,&quot;created_timestamp&quot;:&quot;1363011261&quot;,&quot;copyright&quot;:&quot;\\u00a92013 Edward F. Bacon \\\/ Nantmeal Village, PA \\\/ All Rights Reserved&quot;,&quot;focal_length&quot;:&quot;40&quot;,&quot;iso&quot;:&quot;100&quot;,&quot;shutter_speed&quot;:&quot;1&quot;,&quot;title&quot;:&quot;J\\u00f6kuls\\u00e1rl\\u00f3n glacier lagoon&quot;,&quot;orientation&quot;:&quot;0&quot;}\" data-image-title=\"J\u00f6kuls\u00e1rl\u00f3n glacier lagoon\" data-image-description=\"\" data-medium-file=\"https:\/\/i0.wp.com\/www.edwardbacon.com\/blog\/wp-content\/uploads\/2013\/04\/wpid-Iceland-8111_Edit_2224.jpg?fit=620%2C260&#038;ssl=1\" data-large-file=\"https:\/\/i0.wp.com\/www.edwardbacon.com\/blog\/wp-content\/uploads\/2013\/04\/wpid-Iceland-8111_Edit_2224.jpg?fit=900%2C377&#038;ssl=1\" src=\"https:\/\/i0.wp.com\/www.edwardbacon.com\/blog\/wp-content\/uploads\/2013\/04\/wpid-Iceland-8111_Edit_2224.jpg?w=714&#038;h=299&#038;ssl=1\" srcset=\"https:\/\/i0.wp.com\/www.edwardbacon.com\/blog\/wp-content\/uploads\/2013\/04\/wpid-Iceland-8111_Edit_2224.jpg?w=900&amp;ssl=1 900w, https:\/\/i0.wp.com\/www.edwardbacon.com\/blog\/wp-content\/uploads\/2013\/04\/wpid-Iceland-8111_Edit_2224.jpg?resize=620%2C260&amp;ssl=1 620w, https:\/\/i0.wp.com\/www.edwardbacon.com\/blog\/wp-content\/uploads\/2013\/04\/wpid-Iceland-8111_Edit_2224.jpg?resize=768%2C322&amp;ssl=1 768w, https:\/\/i0.wp.com\/www.edwardbacon.com\/blog\/wp-content\/uploads\/2013\/04\/wpid-Iceland-8111_Edit_2224.jpg?resize=570%2C239&amp;ssl=1 570w\" width=\"714\" height=\"299\" loading=\"lazy\" data-original-width=\"714\" data-original-height=\"299\" itemprop=\"http:\/\/schema.org\/image\" title=\"J\u00f6kuls\u00e1rl\u00f3n glacier lagoon\" alt=\"J\u00f6kuls\u00e1rl\u00f3n (literally &quot;glacial river lagoon&quot;) is a large glacial lagoon in southeast Iceland, on the borders of Vatnaj\u00f6kull National Park. Situated at the head of Brei\u00f0amerkurj\u00f6kull, it evolved into a lagoon after the glacier started receding from the edge of the Atlantic Ocean.\" style=\"width: 714px; height: 299px;\" \/> <\/a> <div class=\"tiled-gallery-caption\" itemprop=\"caption description\"> J\u00f6kuls\u00e1rl\u00f3n (literally &#8220;glacial river lagoon&#8221;) is a large glacial lagoon in southeast Iceland, on the borders of Vatnaj\u00f6kull National Park. Situated at the head of Brei\u00f0amerkurj\u00f6kull, it evolved into a lagoon after the glacier started receding from the edge of the Atlantic Ocean. <\/div> <\/div> <\/div> <!-- close group --> <div class=\"gallery-group images-1\" style=\"width: 452px; height: 303px;\" data-original-width=\"452\" data-original-height=\"303\" > <div class=\"tiled-gallery-item tiled-gallery-item-large\" itemprop=\"associatedMedia\" itemscope itemtype=\"http:\/\/schema.org\/ImageObject\"> <a href=\"https:\/\/www.edwardbacon.com\/blog\/2013\/04\/iceland-march-11-2013\/wpid-iceland-8112_edit_2221-jpg\/\" border=\"0\" itemprop=\"url\"> <meta itemprop=\"width\" content=\"448\"> <meta itemprop=\"height\" content=\"299\"> <img decoding=\"async\" class=\"\" data-attachment-id=\"1582\" data-orig-file=\"https:\/\/www.edwardbacon.com\/blog\/wp-content\/uploads\/2013\/04\/wpid-Iceland-8112_Edit_2221.jpg\" data-orig-size=\"900,600\" data-comments-opened=\"1\" data-image-meta=\"{&quot;aperture&quot;:&quot;20&quot;,&quot;credit&quot;:&quot;Edward F. Bacon&quot;,&quot;camera&quot;:&quot;Canon EOS-1D Mark IV&quot;,&quot;caption&quot;:&quot;J\\u00f6kuls\\u00e1rl\\u00f3n (literally \\u0022glacial river lagoon\\u0022) is a large glacial lagoon in southeast Iceland, on the borders of Vatnaj\\u00f6kull National Park. Situated at the head of Brei\\u00f0amerkurj\\u00f6kull, it evolved into a lagoon after the glacier started receding from the edge of the Atlantic Ocean.&quot;,&quot;created_timestamp&quot;:&quot;1363011339&quot;,&quot;copyright&quot;:&quot;\\u00a92013 Edward F. Bacon \\\/ Nantmeal Village, PA \\\/ All Rights Reserved&quot;,&quot;focal_length&quot;:&quot;40&quot;,&quot;iso&quot;:&quot;100&quot;,&quot;shutter_speed&quot;:&quot;1&quot;,&quot;title&quot;:&quot;J\\u00f6kuls\\u00e1rl\\u00f3n glacier lagoon&quot;,&quot;orientation&quot;:&quot;0&quot;}\" data-image-title=\"J\u00f6kuls\u00e1rl\u00f3n glacier lagoon\" data-image-description=\"\" data-medium-file=\"https:\/\/i0.wp.com\/www.edwardbacon.com\/blog\/wp-content\/uploads\/2013\/04\/wpid-Iceland-8112_Edit_2221.jpg?fit=620%2C413&#038;ssl=1\" data-large-file=\"https:\/\/i0.wp.com\/www.edwardbacon.com\/blog\/wp-content\/uploads\/2013\/04\/wpid-Iceland-8112_Edit_2221.jpg?fit=900%2C600&#038;ssl=1\" src=\"https:\/\/i0.wp.com\/www.edwardbacon.com\/blog\/wp-content\/uploads\/2013\/04\/wpid-Iceland-8112_Edit_2221.jpg?w=448&#038;h=299&#038;ssl=1\" srcset=\"https:\/\/i0.wp.com\/www.edwardbacon.com\/blog\/wp-content\/uploads\/2013\/04\/wpid-Iceland-8112_Edit_2221.jpg?w=900&amp;ssl=1 900w, https:\/\/i0.wp.com\/www.edwardbacon.com\/blog\/wp-content\/uploads\/2013\/04\/wpid-Iceland-8112_Edit_2221.jpg?resize=620%2C413&amp;ssl=1 620w, https:\/\/i0.wp.com\/www.edwardbacon.com\/blog\/wp-content\/uploads\/2013\/04\/wpid-Iceland-8112_Edit_2221.jpg?resize=768%2C512&amp;ssl=1 768w, https:\/\/i0.wp.com\/www.edwardbacon.com\/blog\/wp-content\/uploads\/2013\/04\/wpid-Iceland-8112_Edit_2221.jpg?resize=570%2C380&amp;ssl=1 570w\" width=\"448\" height=\"299\" loading=\"lazy\" data-original-width=\"448\" data-original-height=\"299\" itemprop=\"http:\/\/schema.org\/image\" title=\"J\u00f6kuls\u00e1rl\u00f3n glacier lagoon\" alt=\"J\u00f6kuls\u00e1rl\u00f3n (literally &quot;glacial river lagoon&quot;) is a large glacial lagoon in southeast Iceland, on the borders of Vatnaj\u00f6kull National Park. Situated at the head of Brei\u00f0amerkurj\u00f6kull, it evolved into a lagoon after the glacier started receding from the edge of the Atlantic Ocean.\" style=\"width: 448px; height: 299px;\" \/> <\/a> <div class=\"tiled-gallery-caption\" itemprop=\"caption description\"> J\u00f6kuls\u00e1rl\u00f3n (literally &#8220;glacial river lagoon&#8221;) is a large glacial lagoon in southeast Iceland, on the borders of Vatnaj\u00f6kull National Park. Situated at the head of Brei\u00f0amerkurj\u00f6kull, it evolved into a lagoon after the glacier started receding from the edge of the Atlantic Ocean. <\/div> <\/div> <\/div> <!-- close group --> <\/div> <!-- close row --> <\/div>\n<p>More images from Iceland can be found in&nbsp;<a title=\"Images of Iceland\" href=\"http:\/\/edbacon.photoshelter.com\/gallery\/Iceland\/G0000V6ttat2oLyE\/\" target=\"_blank\" rel=\"noopener noreferrer\">my gallery<\/a>.<\/p>\n<p>A Google map snapshot of the region&nbsp;[<em>s\u00e1rl\u00f3n<\/em>&nbsp;translates to lagoon and&nbsp;<em>kull<\/em>&nbsp;to glacier].<\/p>\n<p style=\"text-align: center;\"><a href=\"https:\/\/i0.wp.com\/www.edwardbacon.com\/blog\/wp-content\/uploads\/2013\/04\/4-11-2013-1-30-34-PM.png\"><img data-recalc-dims=\"1\" decoding=\"async\" class=\" wp-image-1640 aligncenter\" title=\"Skaftafell Area\" alt=\"Skaftafell Area\" src=\"https:\/\/i0.wp.com\/www.migrate.edwardbacon.com\/blog\/wp-content\/uploads\/2013\/04\/4-11-2013-1-30-34-PM.png?resize=569%2C310\" width=\"569\" height=\"310\" srcset=\"https:\/\/i0.wp.com\/www.edwardbacon.com\/blog\/wp-content\/uploads\/2013\/04\/4-11-2013-1-30-34-PM.png?w=1581&amp;ssl=1 1581w, https:\/\/i0.wp.com\/www.edwardbacon.com\/blog\/wp-content\/uploads\/2013\/04\/4-11-2013-1-30-34-PM.png?resize=620%2C338&amp;ssl=1 620w, https:\/\/i0.wp.com\/www.edwardbacon.com\/blog\/wp-content\/uploads\/2013\/04\/4-11-2013-1-30-34-PM.png?resize=768%2C418&amp;ssl=1 768w, https:\/\/i0.wp.com\/www.edwardbacon.com\/blog\/wp-content\/uploads\/2013\/04\/4-11-2013-1-30-34-PM.png?resize=940%2C512&amp;ssl=1 940w, https:\/\/i0.wp.com\/www.edwardbacon.com\/blog\/wp-content\/uploads\/2013\/04\/4-11-2013-1-30-34-PM.png?resize=1536%2C836&amp;ssl=1 1536w, https:\/\/i0.wp.com\/www.edwardbacon.com\/blog\/wp-content\/uploads\/2013\/04\/4-11-2013-1-30-34-PM.png?resize=570%2C310&amp;ssl=1 570w\" sizes=\"(max-width: 569px) 100vw, 569px\" \/><\/a><\/p>\n","protected":false},"excerpt":{"rendered":"<p>More images from Iceland can be found in&nbsp;my gallery. A Google map snapshot of the region&nbsp;[s\u00e1rl\u00f3n&nbsp;translates to lagoon and&nbsp;kull&nbsp;to glacier].<\/p>\n","protected":false},"author":1,"featured_media":1581,"comment_status":"open","ping_status":"open","sticky":false,"template":"","format":"standard","meta":{"ngg_post_thumbnail":0,"jetpack_post_was_ever_published":false,"_jetpack_newsletter_access":"","_jetpack_dont_email_post_to_subs":false,"_jetpack_newsletter_tier_id":0,"_jetpack_memberships_contains_paywalled_content":false,"_jetpack_memberships_contains_paid_content":false,"footnotes":"","jetpack_publicize_message":"","jetpack_publicize_feature_enabled":true,"jetpack_social_post_already_shared":true,"jetpack_social_options":{"image_generator_settings":{"template":"highway","default_image_id":0,"font":"","enabled":false},"version":2}},"categories":[208,211],"tags":[48,598,583],"class_list":{"0":"post-1583","1":"post","2":"type-post","3":"status-publish","4":"format-standard","5":"has-post-thumbnail","7":"category-iceland","8":"category-landscape-photography","9":"tag-glacier","10":"tag-iceland","11":"tag-landscape","12":"czr-hentry"},"jetpack_publicize_connections":[],"jetpack_featured_media_url":"https:\/\/i0.wp.com\/www.edwardbacon.com\/blog\/wp-content\/uploads\/2013\/04\/wpid-Iceland-8111_Edit_2224.jpg?fit=900%2C377&ssl=1","jetpack_shortlink":"https:\/\/wp.me\/p1FUJv-px","jetpack_sharing_enabled":true,"jetpack_likes_enabled":true,"_links":{"self":[{"href":"https:\/\/www.edwardbacon.com\/blog\/wp-json\/wp\/v2\/posts\/1583","targetHints":{"allow":["GET"]}}],"collection":[{"href":"https:\/\/www.edwardbacon.com\/blog\/wp-json\/wp\/v2\/posts"}],"about":[{"href":"https:\/\/www.edwardbacon.com\/blog\/wp-json\/wp\/v2\/types\/post"}],"author":[{"embeddable":true,"href":"https:\/\/www.edwardbacon.com\/blog\/wp-json\/wp\/v2\/users\/1"}],"replies":[{"embeddable":true,"href":"https:\/\/www.edwardbacon.com\/blog\/wp-json\/wp\/v2\/comments?post=1583"}],"version-history":[{"count":0,"href":"https:\/\/www.edwardbacon.com\/blog\/wp-json\/wp\/v2\/posts\/1583\/revisions"}],"wp:featuredmedia":[{"embeddable":true,"href":"https:\/\/www.edwardbacon.com\/blog\/wp-json\/wp\/v2\/media\/1581"}],"wp:attachment":[{"href":"https:\/\/www.edwardbacon.com\/blog\/wp-json\/wp\/v2\/media?parent=1583"}],"wp:term":[{"taxonomy":"category","embeddable":true,"href":"https:\/\/www.edwardbacon.com\/blog\/wp-json\/wp\/v2\/categories?post=1583"},{"taxonomy":"post_tag","embeddable":true,"href":"https:\/\/www.edwardbacon.com\/blog\/wp-json\/wp\/v2\/tags?post=1583"}],"curies":[{"name":"wp","href":"https:\/\/api.w.org\/{rel}","templated":true}]}}