{"id":1529,"date":"2013-04-06T13:52:21","date_gmt":"2013-04-06T17:52:21","guid":{"rendered":"http:\/\/www.migrate.edwardbacon.com\/blog\/?p=1529"},"modified":"2019-12-01T12:30:47","modified_gmt":"2019-12-01T17:30:47","slug":"iceland-march-10","status":"publish","type":"post","link":"https:\/\/www.edwardbacon.com\/blog\/2013\/04\/iceland-march-10\/","title":{"rendered":"Iceland: March 10, 2013"},"content":{"rendered":"<p>We traveled quite a bit by car today. Starting out from Geysir we headed south to the ring road (Rte. 1) and then east past <a title=\"Vik\" href=\"http:\/\/en.south.is\/DiscoverSouthIceland\/TownsVillages\/ViewTown\/vik\" target=\"_blank\" rel=\"noopener noreferrer\">Vik <\/a>and on to <a title=\"Skatftafell\" href=\"http:\/\/www.vatnajokulsthjodgardur.is\/english\/destinations\/skaftafell\/\" target=\"_blank\" rel=\"noopener noreferrer\">Skaftafell<\/a>.<\/p>\n<p>Vik, Iceland&#8217;s southern most village, lies in an area that would be completely flooded from the glacial melt when&nbsp;<a title=\"Katla volcano\" href=\"http:\/\/en.wikipedia.org\/wiki\/Katla_volcano\" target=\"_blank\" rel=\"noopener noreferrer\">Katla<\/a>&nbsp;erupts. &nbsp;The church provides the only possible high ground. Photos of the black sand beach and sea stacks from Vik fill the web, so it can be hard to capture something unique here. The challenge was compounded by the wind blown sand and snow pelting the front element of the lens.<\/p>\n<p>We spent a great deal time near Skaftafell during the week. The approach photos show Iceland&#8217;s highest peak, <a title=\"\u00d6r\u00e6faj\u00f6kull\" href=\"http:\/\/www.vatnajokulsthjodgardur.is\/english\/education\/oraefajokull\/\" target=\"_blank\" rel=\"noopener noreferrer\">Hvannadalshn\u00fakur<\/a>. Notice the end of the glacier in middle of those photos; at sunset that is where we were for our first images of the&nbsp;Sv\u00ednafellsj\u00f6kull outlet.<\/p>\n<p>After dinner we headed further east to shoot the&nbsp;<a title=\"aurora photos\" href=\"http:\/\/www.migrate.edwardbacon.com\/blog\/2013\/04\/iceland-aurora-borealis\/\">Auroa Borealis <\/a>over <a href=\"http:\/\/en.wikipedia.org\/wiki\/Fjalls%C3%A1rl%C3%B3n\" target=\"_blank\" rel=\"noopener noreferrer\">Fjalls\u00e1rl\u00f3n<\/a>.<br \/>\n<div class=\"tiled-gallery type-rectangular tiled-gallery-unresized\" data-original-width=\"1170\" data-carousel-extra='null' itemscope itemtype=\"http:\/\/schema.org\/ImageGallery\" > <div class=\"gallery-row\" style=\"width: 1170px; height: 380px;\" data-original-width=\"1170\" data-original-height=\"380\" > <div class=\"gallery-group images-1\" style=\"width: 255px; height: 380px;\" data-original-width=\"255\" data-original-height=\"380\" > <div class=\"tiled-gallery-item tiled-gallery-item-large\" itemprop=\"associatedMedia\" itemscope itemtype=\"http:\/\/schema.org\/ImageObject\"> <a href=\"https:\/\/www.edwardbacon.com\/blog\/2013\/04\/iceland-march-10\/wpid-iceland-7126_edit_2207-jpg\/\" border=\"0\" itemprop=\"url\"> <meta itemprop=\"width\" content=\"251\"> <meta itemprop=\"height\" content=\"376\"> <img decoding=\"async\" class=\"\" data-attachment-id=\"1521\" data-orig-file=\"https:\/\/www.edwardbacon.com\/blog\/wp-content\/uploads\/2013\/04\/wpid-Iceland-7126_Edit_2207.jpg\" data-orig-size=\"600,900\" data-comments-opened=\"1\" data-image-meta=\"{&quot;aperture&quot;:&quot;5&quot;,&quot;credit&quot;:&quot;Edward F. Bacon&quot;,&quot;camera&quot;:&quot;Canon EOS-1D Mark IV&quot;,&quot;caption&quot;:&quot;&quot;,&quot;created_timestamp&quot;:&quot;1362894724&quot;,&quot;copyright&quot;:&quot;\\u00a92013 Edward F. Bacon \\\/ Nantmeal Village, PA \\\/ All Rights Reserved&quot;,&quot;focal_length&quot;:&quot;24&quot;,&quot;iso&quot;:&quot;100&quot;,&quot;shutter_speed&quot;:&quot;0.0125&quot;,&quot;title&quot;:&quot;&quot;,&quot;orientation&quot;:&quot;0&quot;}\" data-image-title=\"Icelandic Horse\" data-image-description=\"\" data-medium-file=\"https:\/\/i0.wp.com\/www.edwardbacon.com\/blog\/wp-content\/uploads\/2013\/04\/wpid-Iceland-7126_Edit_2207.jpg?fit=600%2C900&#038;ssl=1\" data-large-file=\"https:\/\/i0.wp.com\/www.edwardbacon.com\/blog\/wp-content\/uploads\/2013\/04\/wpid-Iceland-7126_Edit_2207.jpg?fit=600%2C900&#038;ssl=1\" src=\"https:\/\/i0.wp.com\/www.edwardbacon.com\/blog\/wp-content\/uploads\/2013\/04\/wpid-Iceland-7126_Edit_2207.jpg?w=251&#038;h=376&#038;ssl=1\" srcset=\"https:\/\/i0.wp.com\/www.edwardbacon.com\/blog\/wp-content\/uploads\/2013\/04\/wpid-Iceland-7126_Edit_2207.jpg?w=600&amp;ssl=1 600w, https:\/\/i0.wp.com\/www.edwardbacon.com\/blog\/wp-content\/uploads\/2013\/04\/wpid-Iceland-7126_Edit_2207.jpg?resize=570%2C855&amp;ssl=1 570w\" width=\"251\" height=\"376\" loading=\"lazy\" data-original-width=\"251\" data-original-height=\"376\" itemprop=\"http:\/\/schema.org\/image\" title=\"Icelandic Horse\" alt=\"Icelandic Horses love to pose for photographers.\" style=\"width: 251px; height: 376px;\" \/> <\/a> <div class=\"tiled-gallery-caption\" itemprop=\"caption description\"> Icelandic Horses love to pose for photographers. <\/div> <\/div> <\/div> <!-- close group --> <div class=\"gallery-group images-1\" style=\"width: 613px; height: 380px;\" data-original-width=\"613\" data-original-height=\"380\" > <div class=\"tiled-gallery-item tiled-gallery-item-large\" itemprop=\"associatedMedia\" itemscope itemtype=\"http:\/\/schema.org\/ImageObject\"> <a href=\"https:\/\/www.edwardbacon.com\/blog\/2013\/04\/iceland-march-10\/wpid-iceland-7238_edit_2202-jpg\/\" border=\"0\" itemprop=\"url\"> <meta itemprop=\"width\" content=\"609\"> <meta itemprop=\"height\" content=\"376\"> <img decoding=\"async\" class=\"\" data-attachment-id=\"1525\" data-orig-file=\"https:\/\/www.edwardbacon.com\/blog\/wp-content\/uploads\/2013\/04\/wpid-Iceland-7238_Edit_2202.jpg\" data-orig-size=\"900,556\" data-comments-opened=\"1\" data-image-meta=\"{&quot;aperture&quot;:&quot;11&quot;,&quot;credit&quot;:&quot;Edward F. Bacon&quot;,&quot;camera&quot;:&quot;Canon EOS-1D Mark IV&quot;,&quot;caption&quot;:&quot;N\\u00fapssta\\u00f0ur is the easternmost farm in Skaft\\u00e1rhreppur district and lies east of L\\u00f3magn\\u00fapur. At N\\u00fapssta\\u00f0ur there are remarkable old buildings that are believed to be typical for farms in Iceland in past centuries. The most noteworthy of these is the chapel, one of few remaining turf churches in the country. It is believed that the chapel is mostly from a church that was built around 1650, but a church was abandoned there in 1765. In 1930 the chapel was the first house in the country to be proclaimed inviolate, and in 1961 it was re-consecrated.&quot;,&quot;created_timestamp&quot;:&quot;1362912297&quot;,&quot;copyright&quot;:&quot;\\u00a92013 Edward F. Bacon \\\/ Nantmeal Village, PA \\\/ All Rights Reserved&quot;,&quot;focal_length&quot;:&quot;105&quot;,&quot;iso&quot;:&quot;100&quot;,&quot;shutter_speed&quot;:&quot;0.05&quot;,&quot;title&quot;:&quot;N\\u00fapssta\\u00f0ur&quot;,&quot;orientation&quot;:&quot;0&quot;}\" data-image-title=\"N\u00fapssta\u00f0ur\" data-image-description=\"\" data-medium-file=\"https:\/\/i0.wp.com\/www.edwardbacon.com\/blog\/wp-content\/uploads\/2013\/04\/wpid-Iceland-7238_Edit_2202.jpg?fit=620%2C383&#038;ssl=1\" data-large-file=\"https:\/\/i0.wp.com\/www.edwardbacon.com\/blog\/wp-content\/uploads\/2013\/04\/wpid-Iceland-7238_Edit_2202.jpg?fit=900%2C556&#038;ssl=1\" src=\"https:\/\/i0.wp.com\/www.edwardbacon.com\/blog\/wp-content\/uploads\/2013\/04\/wpid-Iceland-7238_Edit_2202.jpg?w=609&#038;h=376&#038;ssl=1\" srcset=\"https:\/\/i0.wp.com\/www.edwardbacon.com\/blog\/wp-content\/uploads\/2013\/04\/wpid-Iceland-7238_Edit_2202.jpg?w=900&amp;ssl=1 900w, https:\/\/i0.wp.com\/www.edwardbacon.com\/blog\/wp-content\/uploads\/2013\/04\/wpid-Iceland-7238_Edit_2202.jpg?resize=620%2C383&amp;ssl=1 620w, https:\/\/i0.wp.com\/www.edwardbacon.com\/blog\/wp-content\/uploads\/2013\/04\/wpid-Iceland-7238_Edit_2202.jpg?resize=768%2C474&amp;ssl=1 768w, https:\/\/i0.wp.com\/www.edwardbacon.com\/blog\/wp-content\/uploads\/2013\/04\/wpid-Iceland-7238_Edit_2202.jpg?resize=570%2C352&amp;ssl=1 570w\" width=\"609\" height=\"376\" loading=\"lazy\" data-original-width=\"609\" data-original-height=\"376\" itemprop=\"http:\/\/schema.org\/image\" title=\"N\u00fapssta\u00f0ur\" alt=\"N\u00fapssta\u00f0ur there are remarkable old buildings that are believed to be typical for farms in Iceland in past centuries. The most noteworthy of these is the chapel, one of few remaining turf churches in the country.\" style=\"width: 609px; height: 376px;\" \/> <\/a> <div class=\"tiled-gallery-caption\" itemprop=\"caption description\"> N\u00fapssta\u00f0ur there are remarkable old buildings that are believed to be typical for farms in Iceland in past centuries. The most noteworthy of these is the chapel, one of few remaining turf churches in the country. <\/div> <\/div> <\/div> <!-- close group --> <div class=\"gallery-group images-1\" style=\"width: 302px; height: 380px;\" data-original-width=\"302\" data-original-height=\"380\" > <div class=\"tiled-gallery-item tiled-gallery-item-large\" itemprop=\"associatedMedia\" itemscope itemtype=\"http:\/\/schema.org\/ImageObject\"> <a href=\"https:\/\/www.edwardbacon.com\/blog\/2013\/04\/iceland-march-10\/wpid-iceland-7202_edit_2204-jpg\/\" border=\"0\" itemprop=\"url\"> <meta itemprop=\"width\" content=\"298\"> <meta itemprop=\"height\" content=\"376\"> <img decoding=\"async\" class=\"\" data-attachment-id=\"1524\" data-orig-file=\"https:\/\/www.edwardbacon.com\/blog\/wp-content\/uploads\/2013\/04\/wpid-Iceland-7202_Edit_2204.jpg\" data-orig-size=\"712,900\" data-comments-opened=\"1\" data-image-meta=\"{&quot;aperture&quot;:&quot;20&quot;,&quot;credit&quot;:&quot;Edward F. Bacon&quot;,&quot;camera&quot;:&quot;Canon EOS-1D Mark IV&quot;,&quot;caption&quot;:&quot;Reynisdrangar are basalt sea stacks situated under the mountain Reynisfjall near the village V\\u00edk \\u00ed M\\u00fdrdal, southern Iceland.\\rLegend says that the stacks originated when two trolls dragged a three-masted ship to land unsuccessfully and when daylight broke they became needles of rock&quot;,&quot;created_timestamp&quot;:&quot;1362904466&quot;,&quot;copyright&quot;:&quot;\\u00a92013 Edward F. Bacon \\\/ Nantmeal Village, PA \\\/ All Rights Reserved&quot;,&quot;focal_length&quot;:&quot;105&quot;,&quot;iso&quot;:&quot;100&quot;,&quot;shutter_speed&quot;:&quot;2.5&quot;,&quot;title&quot;:&quot;Reynisdrangar Sea Stacks&quot;,&quot;orientation&quot;:&quot;0&quot;}\" data-image-title=\"Church at Vik\" data-image-description=\"\" data-medium-file=\"https:\/\/i0.wp.com\/www.edwardbacon.com\/blog\/wp-content\/uploads\/2013\/04\/wpid-Iceland-7202_Edit_2204.jpg?fit=620%2C784&#038;ssl=1\" data-large-file=\"https:\/\/i0.wp.com\/www.edwardbacon.com\/blog\/wp-content\/uploads\/2013\/04\/wpid-Iceland-7202_Edit_2204.jpg?fit=712%2C900&#038;ssl=1\" src=\"https:\/\/i0.wp.com\/www.edwardbacon.com\/blog\/wp-content\/uploads\/2013\/04\/wpid-Iceland-7202_Edit_2204.jpg?w=298&#038;h=376&#038;ssl=1\" srcset=\"https:\/\/i0.wp.com\/www.edwardbacon.com\/blog\/wp-content\/uploads\/2013\/04\/wpid-Iceland-7202_Edit_2204.jpg?w=712&amp;ssl=1 712w, https:\/\/i0.wp.com\/www.edwardbacon.com\/blog\/wp-content\/uploads\/2013\/04\/wpid-Iceland-7202_Edit_2204.jpg?resize=620%2C784&amp;ssl=1 620w, https:\/\/i0.wp.com\/www.edwardbacon.com\/blog\/wp-content\/uploads\/2013\/04\/wpid-Iceland-7202_Edit_2204.jpg?resize=570%2C721&amp;ssl=1 570w\" width=\"298\" height=\"376\" loading=\"lazy\" data-original-width=\"298\" data-original-height=\"376\" itemprop=\"http:\/\/schema.org\/image\" title=\"Church at Vik\" alt=\"V\u00edk is Iceland\u2019s most southerly village and one of the most popular tourist sites in Iceland.\" style=\"width: 298px; height: 376px;\" \/> <\/a> <div class=\"tiled-gallery-caption\" itemprop=\"caption description\"> V\u00edk is Iceland\u2019s most southerly village and one of the most popular tourist sites in Iceland. <\/div> <\/div> <\/div> <!-- close group --> <\/div> <!-- close row --> <div class=\"gallery-row\" style=\"width: 1170px; height: 531px;\" data-original-width=\"1170\" data-original-height=\"531\" > <div class=\"gallery-group images-1\" style=\"width: 376px; height: 531px;\" data-original-width=\"376\" data-original-height=\"531\" > <div class=\"tiled-gallery-item tiled-gallery-item-large\" itemprop=\"associatedMedia\" itemscope itemtype=\"http:\/\/schema.org\/ImageObject\"> <a href=\"https:\/\/www.edwardbacon.com\/blog\/2013\/04\/iceland-march-10\/wpid-iceland-7194-jpg\/\" border=\"0\" itemprop=\"url\"> <meta itemprop=\"width\" content=\"372\"> <meta itemprop=\"height\" content=\"527\"> <img decoding=\"async\" class=\"\" data-attachment-id=\"1523\" data-orig-file=\"https:\/\/www.edwardbacon.com\/blog\/wp-content\/uploads\/2013\/04\/wpid-Iceland-7194.jpg\" data-orig-size=\"636,900\" data-comments-opened=\"1\" data-image-meta=\"{&quot;aperture&quot;:&quot;20&quot;,&quot;credit&quot;:&quot;Edward F. Bacon&quot;,&quot;camera&quot;:&quot;Canon EOS-1D Mark IV&quot;,&quot;caption&quot;:&quot;Reynisdrangar are basalt sea stacks situated under the mountain Reynisfjall near the village V\\u00edk \\u00ed M\\u00fdrdal, southern Iceland.\\rLegend says that the stacks originated when two trolls dragged a three-masted ship to land unsuccessfully and when daylight broke they became needles of rock&quot;,&quot;created_timestamp&quot;:&quot;1362904182&quot;,&quot;copyright&quot;:&quot;\\u00a92013 Edward F. Bacon \\\/ Nantmeal Village, PA \\\/ All Rights Reserved&quot;,&quot;focal_length&quot;:&quot;55&quot;,&quot;iso&quot;:&quot;100&quot;,&quot;shutter_speed&quot;:&quot;0.8&quot;,&quot;title&quot;:&quot;Reynisdrangar Sea Stacks&quot;,&quot;orientation&quot;:&quot;0&quot;}\" data-image-title=\"Black sand beach at Vik\" data-image-description=\"\" data-medium-file=\"https:\/\/i0.wp.com\/www.edwardbacon.com\/blog\/wp-content\/uploads\/2013\/04\/wpid-Iceland-7194.jpg?fit=620%2C877&#038;ssl=1\" data-large-file=\"https:\/\/i0.wp.com\/www.edwardbacon.com\/blog\/wp-content\/uploads\/2013\/04\/wpid-Iceland-7194.jpg?fit=636%2C900&#038;ssl=1\" src=\"https:\/\/i0.wp.com\/www.edwardbacon.com\/blog\/wp-content\/uploads\/2013\/04\/wpid-Iceland-7194.jpg?w=372&#038;h=527&#038;ssl=1\" srcset=\"https:\/\/i0.wp.com\/www.edwardbacon.com\/blog\/wp-content\/uploads\/2013\/04\/wpid-Iceland-7194.jpg?w=636&amp;ssl=1 636w, https:\/\/i0.wp.com\/www.edwardbacon.com\/blog\/wp-content\/uploads\/2013\/04\/wpid-Iceland-7194.jpg?resize=620%2C877&amp;ssl=1 620w, https:\/\/i0.wp.com\/www.edwardbacon.com\/blog\/wp-content\/uploads\/2013\/04\/wpid-Iceland-7194.jpg?resize=570%2C807&amp;ssl=1 570w\" width=\"372\" height=\"527\" loading=\"lazy\" data-original-width=\"372\" data-original-height=\"527\" itemprop=\"http:\/\/schema.org\/image\" title=\"Black sand beach at Vik\" alt=\"Black sand beach at Vik\" style=\"width: 372px; height: 527px;\" \/> <\/a> <div class=\"tiled-gallery-caption\" itemprop=\"caption description\"> Black sand beach at Vik <\/div> <\/div> <\/div> <!-- close group --> <div class=\"gallery-group images-1\" style=\"width: 794px; height: 531px;\" data-original-width=\"794\" data-original-height=\"531\" > <div class=\"tiled-gallery-item tiled-gallery-item-large\" itemprop=\"associatedMedia\" itemscope itemtype=\"http:\/\/schema.org\/ImageObject\"> <a href=\"https:\/\/www.edwardbacon.com\/blog\/2013\/04\/iceland-march-10\/wpid-iceland-7169_edit_2212_edit_2213-jpg\/\" border=\"0\" itemprop=\"url\"> <meta itemprop=\"width\" content=\"790\"> <meta itemprop=\"height\" content=\"527\"> <img decoding=\"async\" class=\"\" data-attachment-id=\"1522\" data-orig-file=\"https:\/\/www.edwardbacon.com\/blog\/wp-content\/uploads\/2013\/04\/wpid-Iceland-7169_Edit_2212_Edit_2213.jpg\" data-orig-size=\"900,600\" data-comments-opened=\"1\" data-image-meta=\"{&quot;aperture&quot;:&quot;20&quot;,&quot;credit&quot;:&quot;Edward F. Bacon&quot;,&quot;camera&quot;:&quot;Canon EOS-1D Mark IV&quot;,&quot;caption&quot;:&quot;Reynisdrangar are basalt sea stacks situated under the mountain Reynisfjall near the village V\\u00edk \\u00ed M\\u00fdrdal, southern Iceland.\\rLegend says that the stacks originated when two trolls dragged a three-masted ship to land unsuccessfully and when daylight broke they became needles of rock&quot;,&quot;created_timestamp&quot;:&quot;1362903136&quot;,&quot;copyright&quot;:&quot;\\u00a92013 Edward F. Bacon \\\/ Nantmeal Village, PA \\\/ All Rights Reserved&quot;,&quot;focal_length&quot;:&quot;105&quot;,&quot;iso&quot;:&quot;100&quot;,&quot;shutter_speed&quot;:&quot;0.8&quot;,&quot;title&quot;:&quot;Reynisdrangar Sea Stacks&quot;,&quot;orientation&quot;:&quot;0&quot;}\" data-image-title=\"Sea stacks at Vik\" data-image-description=\"\" data-medium-file=\"https:\/\/i0.wp.com\/www.edwardbacon.com\/blog\/wp-content\/uploads\/2013\/04\/wpid-Iceland-7169_Edit_2212_Edit_2213.jpg?fit=620%2C413&#038;ssl=1\" data-large-file=\"https:\/\/i0.wp.com\/www.edwardbacon.com\/blog\/wp-content\/uploads\/2013\/04\/wpid-Iceland-7169_Edit_2212_Edit_2213.jpg?fit=900%2C600&#038;ssl=1\" src=\"https:\/\/i0.wp.com\/www.edwardbacon.com\/blog\/wp-content\/uploads\/2013\/04\/wpid-Iceland-7169_Edit_2212_Edit_2213.jpg?w=790&#038;h=527&#038;ssl=1\" srcset=\"https:\/\/i0.wp.com\/www.edwardbacon.com\/blog\/wp-content\/uploads\/2013\/04\/wpid-Iceland-7169_Edit_2212_Edit_2213.jpg?w=900&amp;ssl=1 900w, https:\/\/i0.wp.com\/www.edwardbacon.com\/blog\/wp-content\/uploads\/2013\/04\/wpid-Iceland-7169_Edit_2212_Edit_2213.jpg?resize=620%2C413&amp;ssl=1 620w, https:\/\/i0.wp.com\/www.edwardbacon.com\/blog\/wp-content\/uploads\/2013\/04\/wpid-Iceland-7169_Edit_2212_Edit_2213.jpg?resize=768%2C512&amp;ssl=1 768w, https:\/\/i0.wp.com\/www.edwardbacon.com\/blog\/wp-content\/uploads\/2013\/04\/wpid-Iceland-7169_Edit_2212_Edit_2213.jpg?resize=570%2C380&amp;ssl=1 570w\" width=\"790\" height=\"527\" loading=\"lazy\" data-original-width=\"790\" data-original-height=\"527\" itemprop=\"http:\/\/schema.org\/image\" title=\"Sea stacks at Vik\" alt=\"Sea stacks at Vik\" style=\"width: 790px; height: 527px;\" \/> <\/a> <div class=\"tiled-gallery-caption\" itemprop=\"caption description\"> Sea stacks at Vik <\/div> <\/div> <\/div> <!-- close group --> <\/div> <!-- close row --> <div class=\"gallery-row\" style=\"width: 1170px; height: 492px;\" data-original-width=\"1170\" data-original-height=\"492\" > <div class=\"gallery-group images-1\" style=\"width: 1170px; height: 492px;\" data-original-width=\"1170\" data-original-height=\"492\" > <div class=\"tiled-gallery-item tiled-gallery-item-large\" itemprop=\"associatedMedia\" itemscope itemtype=\"http:\/\/schema.org\/ImageObject\"> <a href=\"https:\/\/www.edwardbacon.com\/blog\/2013\/04\/iceland-march-10\/wpid-iceland-7362_edit_2211-jpg\/\" border=\"0\" itemprop=\"url\"> <meta itemprop=\"width\" content=\"1166\"> <meta itemprop=\"height\" content=\"488\"> <img decoding=\"async\" class=\"\" data-attachment-id=\"1526\" data-orig-file=\"https:\/\/www.edwardbacon.com\/blog\/wp-content\/uploads\/2013\/04\/wpid-Iceland-7362_Edit_2211.jpg\" data-orig-size=\"900,377\" data-comments-opened=\"1\" data-image-meta=\"{&quot;aperture&quot;:&quot;22&quot;,&quot;credit&quot;:&quot;Edward F. Bacon&quot;,&quot;camera&quot;:&quot;Canon EOS-1D Mark IV&quot;,&quot;caption&quot;:&quot;Hvannadalshn\\u00fakur is a peak in the north-western rim of the \\u00d6r\\u00e6faj\\u00f6kull volcano in Iceland and the highest point of the island. 2,109.6 metres (6,921 ft)&quot;,&quot;created_timestamp&quot;:&quot;1362918286&quot;,&quot;copyright&quot;:&quot;\\u00a92013 Edward F. Bacon \\\/ Nantmeal Village, PA \\\/ All Rights Reserved&quot;,&quot;focal_length&quot;:&quot;28&quot;,&quot;iso&quot;:&quot;125&quot;,&quot;shutter_speed&quot;:&quot;0.6&quot;,&quot;title&quot;:&quot;Hvannadalshn\\u00fakur&quot;,&quot;orientation&quot;:&quot;0&quot;}\" data-image-title=\"View from west of Hvannadalshn\u00fakur \" data-image-description=\"\" data-medium-file=\"https:\/\/i0.wp.com\/www.edwardbacon.com\/blog\/wp-content\/uploads\/2013\/04\/wpid-Iceland-7362_Edit_2211.jpg?fit=620%2C260&#038;ssl=1\" data-large-file=\"https:\/\/i0.wp.com\/www.edwardbacon.com\/blog\/wp-content\/uploads\/2013\/04\/wpid-Iceland-7362_Edit_2211.jpg?fit=900%2C377&#038;ssl=1\" src=\"https:\/\/i0.wp.com\/www.edwardbacon.com\/blog\/wp-content\/uploads\/2013\/04\/wpid-Iceland-7362_Edit_2211.jpg?w=1166&#038;h=488&#038;ssl=1\" srcset=\"https:\/\/i0.wp.com\/www.edwardbacon.com\/blog\/wp-content\/uploads\/2013\/04\/wpid-Iceland-7362_Edit_2211.jpg?w=900&amp;ssl=1 900w, https:\/\/i0.wp.com\/www.edwardbacon.com\/blog\/wp-content\/uploads\/2013\/04\/wpid-Iceland-7362_Edit_2211.jpg?resize=620%2C260&amp;ssl=1 620w, https:\/\/i0.wp.com\/www.edwardbacon.com\/blog\/wp-content\/uploads\/2013\/04\/wpid-Iceland-7362_Edit_2211.jpg?resize=768%2C322&amp;ssl=1 768w, https:\/\/i0.wp.com\/www.edwardbacon.com\/blog\/wp-content\/uploads\/2013\/04\/wpid-Iceland-7362_Edit_2211.jpg?resize=570%2C239&amp;ssl=1 570w\" width=\"1166\" height=\"488\" loading=\"lazy\" data-original-width=\"1166\" data-original-height=\"488\" itemprop=\"http:\/\/schema.org\/image\" title=\"View from west of Hvannadalshn\u00fakur \" alt=\"Hvannadalshn\u00fakur is a peak in the north-western rim of the \u00d6r\u00e6faj\u00f6kull volcano in Iceland and the highest point of the island. 2,109.6 metres (6,921 ft)\" style=\"width: 1166px; height: 488px;\" \/> <\/a> <div class=\"tiled-gallery-caption\" itemprop=\"caption description\"> Hvannadalshn\u00fakur is a peak in the north-western rim of the \u00d6r\u00e6faj\u00f6kull volcano in Iceland and the highest point of the island. 2,109.6 metres (6,921 ft) <\/div> <\/div> <\/div> <!-- close group --> <\/div> <!-- close row --> <div class=\"gallery-row\" style=\"width: 1170px; height: 536px;\" data-original-width=\"1170\" data-original-height=\"536\" > <div class=\"gallery-group images-1\" style=\"width: 368px; height: 536px;\" data-original-width=\"368\" data-original-height=\"536\" > <div class=\"tiled-gallery-item tiled-gallery-item-large\" itemprop=\"associatedMedia\" itemscope itemtype=\"http:\/\/schema.org\/ImageObject\"> <a href=\"https:\/\/www.edwardbacon.com\/blog\/2013\/04\/iceland-march-10\/wpid-iceland-7379_edit_2208a-jpg\/\" border=\"0\" itemprop=\"url\"> <meta itemprop=\"width\" content=\"364\"> <meta itemprop=\"height\" content=\"532\"> <img decoding=\"async\" class=\"\" data-attachment-id=\"1527\" data-orig-file=\"https:\/\/www.edwardbacon.com\/blog\/wp-content\/uploads\/2013\/04\/wpid-Iceland-7379_Edit_2208A.jpg\" data-orig-size=\"615,900\" data-comments-opened=\"1\" data-image-meta=\"{&quot;aperture&quot;:&quot;22&quot;,&quot;credit&quot;:&quot;Edward F. Bacon&quot;,&quot;camera&quot;:&quot;Canon EOS-1D Mark IV&quot;,&quot;caption&quot;:&quot;Hvannadalshn\\u00fakur is a peak in the north-western rim of the \\u00d6r\\u00e6faj\\u00f6kull volcano in Iceland and the highest point of the island. 2,109.6 metres (6,921 ft)&quot;,&quot;created_timestamp&quot;:&quot;1362919008&quot;,&quot;copyright&quot;:&quot;\\u00a92013 Edward F. Bacon \\\/ Nantmeal Village, PA \\\/ All Rights Reserved&quot;,&quot;focal_length&quot;:&quot;32&quot;,&quot;iso&quot;:&quot;125&quot;,&quot;shutter_speed&quot;:&quot;0.8&quot;,&quot;title&quot;:&quot;Hvannadalshn\\u00fakur&quot;,&quot;orientation&quot;:&quot;0&quot;}\" data-image-title=\"Approach from west toward Skaftafell National Park\" data-image-description=\"\" data-medium-file=\"https:\/\/i0.wp.com\/www.edwardbacon.com\/blog\/wp-content\/uploads\/2013\/04\/wpid-Iceland-7379_Edit_2208A.jpg?fit=615%2C900&#038;ssl=1\" data-large-file=\"https:\/\/i0.wp.com\/www.edwardbacon.com\/blog\/wp-content\/uploads\/2013\/04\/wpid-Iceland-7379_Edit_2208A.jpg?fit=615%2C900&#038;ssl=1\" src=\"https:\/\/i0.wp.com\/www.edwardbacon.com\/blog\/wp-content\/uploads\/2013\/04\/wpid-Iceland-7379_Edit_2208A.jpg?w=364&#038;h=532&#038;ssl=1\" srcset=\"https:\/\/i0.wp.com\/www.edwardbacon.com\/blog\/wp-content\/uploads\/2013\/04\/wpid-Iceland-7379_Edit_2208A.jpg?w=615&amp;ssl=1 615w, https:\/\/i0.wp.com\/www.edwardbacon.com\/blog\/wp-content\/uploads\/2013\/04\/wpid-Iceland-7379_Edit_2208A.jpg?resize=570%2C834&amp;ssl=1 570w\" width=\"364\" height=\"532\" loading=\"lazy\" data-original-width=\"364\" data-original-height=\"532\" itemprop=\"http:\/\/schema.org\/image\" title=\"Approach from west toward Skaftafell National Park\" alt=\"Sv\u00ednafellsj\u00f6kull is blue glacial outlet from \u00d6r\u00e6faj\u00f6kull.\" style=\"width: 364px; height: 532px;\" \/> <\/a> <div class=\"tiled-gallery-caption\" itemprop=\"caption description\"> Sv\u00ednafellsj\u00f6kull is blue glacial outlet from \u00d6r\u00e6faj\u00f6kull. <\/div> <\/div> <\/div> <!-- close group --> <div class=\"gallery-group images-1\" style=\"width: 802px; height: 536px;\" data-original-width=\"802\" data-original-height=\"536\" > <div class=\"tiled-gallery-item tiled-gallery-item-large\" itemprop=\"associatedMedia\" itemscope itemtype=\"http:\/\/schema.org\/ImageObject\"> <a href=\"https:\/\/www.edwardbacon.com\/blog\/2013\/04\/iceland-march-10\/wpid-iceland-7413_edit_2206-jpg\/\" border=\"0\" itemprop=\"url\"> <meta itemprop=\"width\" content=\"798\"> <meta itemprop=\"height\" content=\"532\"> <img decoding=\"async\" class=\"\" data-attachment-id=\"1528\" data-orig-file=\"https:\/\/www.edwardbacon.com\/blog\/wp-content\/uploads\/2013\/04\/wpid-Iceland-7413_Edit_2206.jpg\" data-orig-size=\"900,600\" data-comments-opened=\"1\" data-image-meta=\"{&quot;aperture&quot;:&quot;11&quot;,&quot;credit&quot;:&quot;Edward F. Bacon&quot;,&quot;camera&quot;:&quot;Canon EOS-1D Mark IV&quot;,&quot;caption&quot;:&quot;&quot;,&quot;created_timestamp&quot;:&quot;1362922978&quot;,&quot;copyright&quot;:&quot;\\u00a92013 Edward F. Bacon \\\/ Nantmeal Village, PA \\\/ All Rights Reserved&quot;,&quot;focal_length&quot;:&quot;47&quot;,&quot;iso&quot;:&quot;125&quot;,&quot;shutter_speed&quot;:&quot;0.16666666666667&quot;,&quot;title&quot;:&quot;Svinafellsjokull&quot;,&quot;orientation&quot;:&quot;0&quot;}\" data-image-title=\"Sv\u00ednafellsj\u00f6kull\" data-image-description=\"\" data-medium-file=\"https:\/\/i0.wp.com\/www.edwardbacon.com\/blog\/wp-content\/uploads\/2013\/04\/wpid-Iceland-7413_Edit_2206.jpg?fit=620%2C413&#038;ssl=1\" data-large-file=\"https:\/\/i0.wp.com\/www.edwardbacon.com\/blog\/wp-content\/uploads\/2013\/04\/wpid-Iceland-7413_Edit_2206.jpg?fit=900%2C600&#038;ssl=1\" src=\"https:\/\/i0.wp.com\/www.edwardbacon.com\/blog\/wp-content\/uploads\/2013\/04\/wpid-Iceland-7413_Edit_2206.jpg?w=798&#038;h=532&#038;ssl=1\" srcset=\"https:\/\/i0.wp.com\/www.edwardbacon.com\/blog\/wp-content\/uploads\/2013\/04\/wpid-Iceland-7413_Edit_2206.jpg?w=900&amp;ssl=1 900w, https:\/\/i0.wp.com\/www.edwardbacon.com\/blog\/wp-content\/uploads\/2013\/04\/wpid-Iceland-7413_Edit_2206.jpg?resize=620%2C413&amp;ssl=1 620w, https:\/\/i0.wp.com\/www.edwardbacon.com\/blog\/wp-content\/uploads\/2013\/04\/wpid-Iceland-7413_Edit_2206.jpg?resize=768%2C512&amp;ssl=1 768w, https:\/\/i0.wp.com\/www.edwardbacon.com\/blog\/wp-content\/uploads\/2013\/04\/wpid-Iceland-7413_Edit_2206.jpg?resize=570%2C380&amp;ssl=1 570w\" width=\"798\" height=\"532\" loading=\"lazy\" data-original-width=\"798\" data-original-height=\"532\" itemprop=\"http:\/\/schema.org\/image\" title=\"Sv\u00ednafellsj\u00f6kull\" alt=\"Sv\u00ednafellsj\u00f6kull\" style=\"width: 798px; height: 532px;\" \/> <\/a> <div class=\"tiled-gallery-caption\" itemprop=\"caption description\"> Sv\u00ednafellsj\u00f6kull <\/div> <\/div> <\/div> <!-- close group --> <\/div> <!-- close row --> <\/div><\/p>\n<p>More images from Iceland can be found in <a title=\"Images of Iceland\" href=\"http:\/\/edbacon.photoshelter.com\/gallery\/Iceland\/G0000V6ttat2oLyE\/\" target=\"_blank\" rel=\"noopener noreferrer\">my gallery<\/a>.<\/p>\n","protected":false},"excerpt":{"rendered":"<p>We traveled quite a bit by car today. Starting out from Geysir we headed south to the ring road (Rte. 1) and then east past Vik and on to Skaftafell. Vik, Iceland&#8217;s southern most village, lies in an area that would be completely flooded from the glacial melt when&nbsp;Katla&nbsp;erupts. &nbsp;The church provides the only possible [&hellip;]<\/p>\n","protected":false},"author":1,"featured_media":1522,"comment_status":"open","ping_status":"open","sticky":false,"template":"","format":"standard","meta":{"ngg_post_thumbnail":0,"jetpack_post_was_ever_published":false,"_jetpack_newsletter_access":"","_jetpack_dont_email_post_to_subs":false,"_jetpack_newsletter_tier_id":0,"_jetpack_memberships_contains_paywalled_content":false,"_jetpack_memberships_contains_paid_content":false,"footnotes":"","jetpack_publicize_message":"","jetpack_publicize_feature_enabled":true,"jetpack_social_post_already_shared":true,"jetpack_social_options":{"image_generator_settings":{"template":"highway","default_image_id":0,"font":"","enabled":false},"version":2}},"categories":[208,211],"tags":[48,598],"class_list":{"0":"post-1529","1":"post","2":"type-post","3":"status-publish","4":"format-standard","5":"has-post-thumbnail","7":"category-iceland","8":"category-landscape-photography","9":"tag-glacier","10":"tag-iceland","11":"czr-hentry"},"jetpack_publicize_connections":[],"jetpack_featured_media_url":"https:\/\/i0.wp.com\/www.edwardbacon.com\/blog\/wp-content\/uploads\/2013\/04\/wpid-Iceland-7169_Edit_2212_Edit_2213.jpg?fit=900%2C600&ssl=1","jetpack_shortlink":"https:\/\/wp.me\/p1FUJv-oF","jetpack_sharing_enabled":true,"jetpack_likes_enabled":true,"_links":{"self":[{"href":"https:\/\/www.edwardbacon.com\/blog\/wp-json\/wp\/v2\/posts\/1529","targetHints":{"allow":["GET"]}}],"collection":[{"href":"https:\/\/www.edwardbacon.com\/blog\/wp-json\/wp\/v2\/posts"}],"about":[{"href":"https:\/\/www.edwardbacon.com\/blog\/wp-json\/wp\/v2\/types\/post"}],"author":[{"embeddable":true,"href":"https:\/\/www.edwardbacon.com\/blog\/wp-json\/wp\/v2\/users\/1"}],"replies":[{"embeddable":true,"href":"https:\/\/www.edwardbacon.com\/blog\/wp-json\/wp\/v2\/comments?post=1529"}],"version-history":[{"count":0,"href":"https:\/\/www.edwardbacon.com\/blog\/wp-json\/wp\/v2\/posts\/1529\/revisions"}],"wp:featuredmedia":[{"embeddable":true,"href":"https:\/\/www.edwardbacon.com\/blog\/wp-json\/wp\/v2\/media\/1522"}],"wp:attachment":[{"href":"https:\/\/www.edwardbacon.com\/blog\/wp-json\/wp\/v2\/media?parent=1529"}],"wp:term":[{"taxonomy":"category","embeddable":true,"href":"https:\/\/www.edwardbacon.com\/blog\/wp-json\/wp\/v2\/categories?post=1529"},{"taxonomy":"post_tag","embeddable":true,"href":"https:\/\/www.edwardbacon.com\/blog\/wp-json\/wp\/v2\/tags?post=1529"}],"curies":[{"name":"wp","href":"https:\/\/api.w.org\/{rel}","templated":true}]}}