{"id":1492,"date":"2013-04-01T10:31:22","date_gmt":"2013-04-01T14:31:22","guid":{"rendered":"http:\/\/www.migrate.edwardbacon.com\/blog\/?p=1492"},"modified":"2019-12-01T13:10:24","modified_gmt":"2019-12-01T18:10:24","slug":"iceland-aurora-borealis","status":"publish","type":"post","link":"https:\/\/www.edwardbacon.com\/blog\/2013\/04\/iceland-aurora-borealis\/","title":{"rendered":"Iceland: Aurora Borealis"},"content":{"rendered":"<p>I have returned from a photo trip to Iceland in mid March. Keeping with the theme of auroras and ice caves we went out most nights to capture the Aurora Borealis. The shuttle to the airport at the end of the trip confirmed that we picked the right time to be in Iceland for the aurora, as most on the bus were attending a geophysics symposium on <a href=\"http:\/\/chapman.agu.org\/magnetotails\/\" target=\"_blank\" rel=\"noopener noreferrer\"><em>The&nbsp;Fundamental Properties and Processes of&nbsp;Magneto-tails<\/em><\/a>.<\/p>\n<p>This collection comes from three locations and includes some dabbling in long exposures and light painting.<\/p>\n<div class=\"tiled-gallery type-rectangular tiled-gallery-unresized\" data-original-width=\"1170\" data-carousel-extra='null' itemscope itemtype=\"http:\/\/schema.org\/ImageGallery\" > <div class=\"gallery-row\" style=\"width: 1170px; height: 282px;\" data-original-width=\"1170\" data-original-height=\"282\" > <div class=\"gallery-group images-1\" style=\"width: 550px; height: 282px;\" data-original-width=\"550\" data-original-height=\"282\" > <div class=\"tiled-gallery-item tiled-gallery-item-large\" itemprop=\"associatedMedia\" itemscope itemtype=\"http:\/\/schema.org\/ImageObject\"> <a href=\"https:\/\/www.edwardbacon.com\/blog\/2013\/04\/iceland-aurora-borealis\/wpid-iceland-0038-jpg\/\" border=\"0\" itemprop=\"url\"> <meta itemprop=\"width\" content=\"546\"> <meta itemprop=\"height\" content=\"278\"> <img decoding=\"async\" class=\"\" data-attachment-id=\"1490\" data-orig-file=\"https:\/\/www.edwardbacon.com\/blog\/wp-content\/uploads\/2013\/04\/wpid-Iceland-0038.jpg\" data-orig-size=\"900,458\" data-comments-opened=\"1\" data-image-meta=\"{&quot;aperture&quot;:&quot;4&quot;,&quot;credit&quot;:&quot;Edward F. Bacon&quot;,&quot;camera&quot;:&quot;Canon EOS-1D Mark IV&quot;,&quot;caption&quot;:&quot;the continental drift between the North American and Eurasian Plates can be clearly seen in the cracks or faults which traverse the region, the biggest one, Almannagj\\u00e1, being a veritable canyon. This also causes the often-measurable earthquakes in the area.[7]\\rSome of the rifts are full of surprisingly clear water&quot;,&quot;created_timestamp&quot;:&quot;1363373968&quot;,&quot;copyright&quot;:&quot;\\u00a92013 Edward F. Bacon \\\/ Nantmeal Village, PA \\\/ All Rights Reserved&quot;,&quot;focal_length&quot;:&quot;17&quot;,&quot;iso&quot;:&quot;3200&quot;,&quot;shutter_speed&quot;:&quot;15&quot;,&quot;title&quot;:&quot;Auroa Borealis over \\u00deingvellir cracks&quot;,&quot;orientation&quot;:&quot;0&quot;}\" data-image-title=\"Auroa Borealis over \u00deingvellir cracks\" data-image-description=\"\" data-medium-file=\"https:\/\/i0.wp.com\/www.edwardbacon.com\/blog\/wp-content\/uploads\/2013\/04\/wpid-Iceland-0038.jpg?fit=620%2C316&#038;ssl=1\" data-large-file=\"https:\/\/i0.wp.com\/www.edwardbacon.com\/blog\/wp-content\/uploads\/2013\/04\/wpid-Iceland-0038.jpg?fit=900%2C458&#038;ssl=1\" src=\"https:\/\/i0.wp.com\/www.edwardbacon.com\/blog\/wp-content\/uploads\/2013\/04\/wpid-Iceland-0038.jpg?w=546&#038;h=278&#038;ssl=1\" srcset=\"https:\/\/i0.wp.com\/www.edwardbacon.com\/blog\/wp-content\/uploads\/2013\/04\/wpid-Iceland-0038.jpg?w=900&amp;ssl=1 900w, https:\/\/i0.wp.com\/www.edwardbacon.com\/blog\/wp-content\/uploads\/2013\/04\/wpid-Iceland-0038.jpg?resize=620%2C316&amp;ssl=1 620w, https:\/\/i0.wp.com\/www.edwardbacon.com\/blog\/wp-content\/uploads\/2013\/04\/wpid-Iceland-0038.jpg?resize=768%2C391&amp;ssl=1 768w, https:\/\/i0.wp.com\/www.edwardbacon.com\/blog\/wp-content\/uploads\/2013\/04\/wpid-Iceland-0038.jpg?resize=570%2C290&amp;ssl=1 570w\" width=\"546\" height=\"278\" loading=\"lazy\" data-original-width=\"546\" data-original-height=\"278\" itemprop=\"http:\/\/schema.org\/image\" title=\"Auroa Borealis over \u00deingvellir cracks\" alt=\"The continental drift between the North American and Eurasian Plates can be clearly seen in the cracks or faults which traverse the \u00deingvellir region\" style=\"width: 546px; height: 278px;\" \/> <\/a> <div class=\"tiled-gallery-caption\" itemprop=\"caption description\"> The continental drift between the North American and Eurasian Plates can be clearly seen in the cracks or faults which traverse the \u00deingvellir region <\/div> <\/div> <\/div> <!-- close group --> <div class=\"gallery-group images-1\" style=\"width: 199px; height: 282px;\" data-original-width=\"199\" data-original-height=\"282\" > <div class=\"tiled-gallery-item tiled-gallery-item-small\" itemprop=\"associatedMedia\" itemscope itemtype=\"http:\/\/schema.org\/ImageObject\"> <a href=\"https:\/\/www.edwardbacon.com\/blog\/2013\/04\/iceland-aurora-borealis\/wpid-iceland-7508-jpg\/\" border=\"0\" itemprop=\"url\"> <meta itemprop=\"width\" content=\"195\"> <meta itemprop=\"height\" content=\"278\"> <img decoding=\"async\" class=\"\" data-attachment-id=\"1487\" data-orig-file=\"https:\/\/www.edwardbacon.com\/blog\/wp-content\/uploads\/2013\/04\/wpid-Iceland-7508.jpg\" data-orig-size=\"630,900\" data-comments-opened=\"1\" data-image-meta=\"{&quot;aperture&quot;:&quot;2&quot;,&quot;credit&quot;:&quot;Edward F. Bacon&quot;,&quot;camera&quot;:&quot;Canon EOS-1D Mark IV&quot;,&quot;caption&quot;:&quot;Fjalls\\u00e1rl\\u00f3n is a glacier lake at the south end of the Icelandic glacier Vatnaj\\u00f6kull. Fjallsj\\u00f6kull which is part of the bigger glacier reaches down to the water of the lake and some ice-bergs are drifting by on its surface.\\rIt is situated not far from Skaftafell National Park and the better known glacier lake J\\u00f6kuls\\u00e1rl\\u00f3n. From the glacier lake Brei\\u00f0\\u00e1rl\\u00f3n a little river flows into the Fjalls\\u00e1rl\\u00f3n&quot;,&quot;created_timestamp&quot;:&quot;1362937721&quot;,&quot;copyright&quot;:&quot;\\u00a92013 Edward F. Bacon \\\/ Nantmeal Village, PA \\\/ All Rights Reserved&quot;,&quot;focal_length&quot;:&quot;24&quot;,&quot;iso&quot;:&quot;1600&quot;,&quot;shutter_speed&quot;:&quot;6&quot;,&quot;title&quot;:&quot;Auroa Borealis over Fjalls\\u00e1rl\\u00f3n&quot;,&quot;orientation&quot;:&quot;0&quot;}\" data-image-title=\"Auroa Borealis over Fjalls\u00e1rl\u00f3n\" data-image-description=\"\" data-medium-file=\"https:\/\/i0.wp.com\/www.edwardbacon.com\/blog\/wp-content\/uploads\/2013\/04\/wpid-Iceland-7508.jpg?fit=620%2C886&#038;ssl=1\" data-large-file=\"https:\/\/i0.wp.com\/www.edwardbacon.com\/blog\/wp-content\/uploads\/2013\/04\/wpid-Iceland-7508.jpg?fit=630%2C900&#038;ssl=1\" src=\"https:\/\/i0.wp.com\/www.edwardbacon.com\/blog\/wp-content\/uploads\/2013\/04\/wpid-Iceland-7508.jpg?w=195&#038;h=278&#038;ssl=1\" srcset=\"https:\/\/i0.wp.com\/www.edwardbacon.com\/blog\/wp-content\/uploads\/2013\/04\/wpid-Iceland-7508.jpg?w=630&amp;ssl=1 630w, https:\/\/i0.wp.com\/www.edwardbacon.com\/blog\/wp-content\/uploads\/2013\/04\/wpid-Iceland-7508.jpg?resize=620%2C886&amp;ssl=1 620w, https:\/\/i0.wp.com\/www.edwardbacon.com\/blog\/wp-content\/uploads\/2013\/04\/wpid-Iceland-7508.jpg?resize=570%2C814&amp;ssl=1 570w\" width=\"195\" height=\"278\" loading=\"lazy\" data-original-width=\"195\" data-original-height=\"278\" itemprop=\"http:\/\/schema.org\/image\" title=\"Auroa Borealis over Fjalls\u00e1rl\u00f3n\" alt=\"Fjalls\u00e1rl\u00f3n is a glacier lake at the south end of the Icelandic glacier Vatnaj\u00f6kull.\" style=\"width: 195px; height: 278px;\" \/> <\/a> <div class=\"tiled-gallery-caption\" itemprop=\"caption description\"> Fjalls\u00e1rl\u00f3n is a glacier lake at the south end of the Icelandic glacier Vatnaj\u00f6kull. <\/div> <\/div> <\/div> <!-- close group --> <div class=\"gallery-group images-1\" style=\"width: 421px; height: 282px;\" data-original-width=\"421\" data-original-height=\"282\" > <div class=\"tiled-gallery-item tiled-gallery-item-large\" itemprop=\"associatedMedia\" itemscope itemtype=\"http:\/\/schema.org\/ImageObject\"> <a href=\"https:\/\/www.edwardbacon.com\/blog\/2013\/04\/iceland-aurora-borealis\/wpid-iceland-7505_edit_2145-jpg\/\" border=\"0\" itemprop=\"url\"> <meta itemprop=\"width\" content=\"417\"> <meta itemprop=\"height\" content=\"278\"> <img decoding=\"async\" class=\"\" data-attachment-id=\"1486\" data-orig-file=\"https:\/\/www.edwardbacon.com\/blog\/wp-content\/uploads\/2013\/04\/wpid-Iceland-7505_Edit_2145.jpg\" data-orig-size=\"900,600\" data-comments-opened=\"1\" data-image-meta=\"{&quot;aperture&quot;:&quot;2&quot;,&quot;credit&quot;:&quot;Edward F. Bacon&quot;,&quot;camera&quot;:&quot;Canon EOS-1D Mark IV&quot;,&quot;caption&quot;:&quot;Fjalls\\u00e1rl\\u00f3n is a glacier lake at the south end of the Icelandic glacier Vatnaj\\u00f6kull. Fjallsj\\u00f6kull which is part of the bigger glacier reaches down to the water of the lake and some ice-bergs are drifting by on its surface.\\rIt is situated not far from Skaftafell National Park and the better known glacier lake J\\u00f6kuls\\u00e1rl\\u00f3n. From the glacier lake Brei\\u00f0\\u00e1rl\\u00f3n a little river flows into the Fjalls\\u00e1rl\\u00f3n&quot;,&quot;created_timestamp&quot;:&quot;1362937641&quot;,&quot;copyright&quot;:&quot;\\u00a92013 Edward F. Bacon \\\/ Nantmeal Village, PA \\\/ All Rights Reserved&quot;,&quot;focal_length&quot;:&quot;24&quot;,&quot;iso&quot;:&quot;1600&quot;,&quot;shutter_speed&quot;:&quot;6&quot;,&quot;title&quot;:&quot;Good bye Orion&quot;,&quot;orientation&quot;:&quot;0&quot;}\" data-image-title=\"Good night Orion \" data-image-description=\"\" data-medium-file=\"https:\/\/i0.wp.com\/www.edwardbacon.com\/blog\/wp-content\/uploads\/2013\/04\/wpid-Iceland-7505_Edit_2145.jpg?fit=620%2C413&#038;ssl=1\" data-large-file=\"https:\/\/i0.wp.com\/www.edwardbacon.com\/blog\/wp-content\/uploads\/2013\/04\/wpid-Iceland-7505_Edit_2145.jpg?fit=900%2C600&#038;ssl=1\" src=\"https:\/\/i0.wp.com\/www.edwardbacon.com\/blog\/wp-content\/uploads\/2013\/04\/wpid-Iceland-7505_Edit_2145.jpg?w=417&#038;h=278&#038;ssl=1\" srcset=\"https:\/\/i0.wp.com\/www.edwardbacon.com\/blog\/wp-content\/uploads\/2013\/04\/wpid-Iceland-7505_Edit_2145.jpg?w=900&amp;ssl=1 900w, https:\/\/i0.wp.com\/www.edwardbacon.com\/blog\/wp-content\/uploads\/2013\/04\/wpid-Iceland-7505_Edit_2145.jpg?resize=620%2C413&amp;ssl=1 620w, https:\/\/i0.wp.com\/www.edwardbacon.com\/blog\/wp-content\/uploads\/2013\/04\/wpid-Iceland-7505_Edit_2145.jpg?resize=768%2C512&amp;ssl=1 768w, https:\/\/i0.wp.com\/www.edwardbacon.com\/blog\/wp-content\/uploads\/2013\/04\/wpid-Iceland-7505_Edit_2145.jpg?resize=570%2C380&amp;ssl=1 570w\" width=\"417\" height=\"278\" loading=\"lazy\" data-original-width=\"417\" data-original-height=\"278\" itemprop=\"http:\/\/schema.org\/image\" title=\"Good night Orion \" alt=\"Orion sets for the evening over Fjalls\u00e1rl\u00f3n (a glacier lagoon).\" style=\"width: 417px; height: 278px;\" \/> <\/a> <div class=\"tiled-gallery-caption\" itemprop=\"caption description\"> Orion sets for the evening over Fjalls\u00e1rl\u00f3n (a glacier lagoon). <\/div> <\/div> <\/div> <!-- close group --> <\/div> <!-- close row --> <div class=\"gallery-row\" style=\"width: 1170px; height: 517px;\" data-original-width=\"1170\" data-original-height=\"517\" > <div class=\"gallery-group images-1\" style=\"width: 773px; height: 517px;\" data-original-width=\"773\" data-original-height=\"517\" > <div class=\"tiled-gallery-item tiled-gallery-item-large\" itemprop=\"associatedMedia\" itemscope itemtype=\"http:\/\/schema.org\/ImageObject\"> <a href=\"https:\/\/www.edwardbacon.com\/blog\/2013\/04\/iceland-aurora-borealis\/wpid-iceland-7504-jpg\/\" border=\"0\" itemprop=\"url\"> <meta itemprop=\"width\" content=\"769\"> <meta itemprop=\"height\" content=\"513\"> <img decoding=\"async\" class=\"\" data-attachment-id=\"1485\" data-orig-file=\"https:\/\/www.edwardbacon.com\/blog\/wp-content\/uploads\/2013\/04\/wpid-Iceland-7504.jpg\" data-orig-size=\"900,600\" data-comments-opened=\"1\" data-image-meta=\"{&quot;aperture&quot;:&quot;2&quot;,&quot;credit&quot;:&quot;Edward F. Bacon&quot;,&quot;camera&quot;:&quot;Canon EOS-1D Mark IV&quot;,&quot;caption&quot;:&quot;Fjalls\\u00e1rl\\u00f3n is a glacier lake at the south end of the Icelandic glacier Vatnaj\\u00f6kull. Fjallsj\\u00f6kull which is part of the bigger glacier reaches down to the water of the lake and some ice-bergs are drifting by on its surface.\\rIt is situated not far from Skaftafell National Park and the better known glacier lake J\\u00f6kuls\\u00e1rl\\u00f3n. From the glacier lake Brei\\u00f0\\u00e1rl\\u00f3n a little river flows into the Fjalls\\u00e1rl\\u00f3n&quot;,&quot;created_timestamp&quot;:&quot;1362937560&quot;,&quot;copyright&quot;:&quot;\\u00a92013 Edward F. Bacon \\\/ Nantmeal Village, PA \\\/ All Rights Reserved&quot;,&quot;focal_length&quot;:&quot;24&quot;,&quot;iso&quot;:&quot;1600&quot;,&quot;shutter_speed&quot;:&quot;6&quot;,&quot;title&quot;:&quot;Auroa Borealis over Fjalls\\u00e1rl\\u00f3n&quot;,&quot;orientation&quot;:&quot;0&quot;}\" data-image-title=\"Auroa Borealis over Fjalls\u00e1rl\u00f3n\" data-image-description=\"\" data-medium-file=\"https:\/\/i0.wp.com\/www.edwardbacon.com\/blog\/wp-content\/uploads\/2013\/04\/wpid-Iceland-7504.jpg?fit=620%2C413&#038;ssl=1\" data-large-file=\"https:\/\/i0.wp.com\/www.edwardbacon.com\/blog\/wp-content\/uploads\/2013\/04\/wpid-Iceland-7504.jpg?fit=900%2C600&#038;ssl=1\" src=\"https:\/\/i0.wp.com\/www.edwardbacon.com\/blog\/wp-content\/uploads\/2013\/04\/wpid-Iceland-7504.jpg?w=769&#038;h=513&#038;ssl=1\" srcset=\"https:\/\/i0.wp.com\/www.edwardbacon.com\/blog\/wp-content\/uploads\/2013\/04\/wpid-Iceland-7504.jpg?w=900&amp;ssl=1 900w, https:\/\/i0.wp.com\/www.edwardbacon.com\/blog\/wp-content\/uploads\/2013\/04\/wpid-Iceland-7504.jpg?resize=620%2C413&amp;ssl=1 620w, https:\/\/i0.wp.com\/www.edwardbacon.com\/blog\/wp-content\/uploads\/2013\/04\/wpid-Iceland-7504.jpg?resize=768%2C512&amp;ssl=1 768w, https:\/\/i0.wp.com\/www.edwardbacon.com\/blog\/wp-content\/uploads\/2013\/04\/wpid-Iceland-7504.jpg?resize=570%2C380&amp;ssl=1 570w\" width=\"769\" height=\"513\" loading=\"lazy\" data-original-width=\"769\" data-original-height=\"513\" itemprop=\"http:\/\/schema.org\/image\" title=\"Auroa Borealis over Fjalls\u00e1rl\u00f3n\" alt=\"Fjalls\u00e1rl\u00f3n is a glacier lake at the south end of the Icelandic glacier Vatnaj\u00f6kull.\" style=\"width: 769px; height: 513px;\" \/> <\/a> <div class=\"tiled-gallery-caption\" itemprop=\"caption description\"> Fjalls\u00e1rl\u00f3n is a glacier lake at the south end of the Icelandic glacier Vatnaj\u00f6kull. <\/div> <\/div> <\/div> <!-- close group --> <div class=\"gallery-group images-1\" style=\"width: 397px; height: 517px;\" data-original-width=\"397\" data-original-height=\"517\" > <div class=\"tiled-gallery-item tiled-gallery-item-large\" itemprop=\"associatedMedia\" itemscope itemtype=\"http:\/\/schema.org\/ImageObject\"> <a href=\"https:\/\/www.edwardbacon.com\/blog\/2013\/04\/iceland-aurora-borealis\/wpid-iceland-7501-jpg\/\" border=\"0\" itemprop=\"url\"> <meta itemprop=\"width\" content=\"393\"> <meta itemprop=\"height\" content=\"513\"> <img decoding=\"async\" class=\"\" data-attachment-id=\"1484\" data-orig-file=\"https:\/\/www.edwardbacon.com\/blog\/wp-content\/uploads\/2013\/04\/wpid-Iceland-7501.jpg\" data-orig-size=\"690,900\" data-comments-opened=\"1\" data-image-meta=\"{&quot;aperture&quot;:&quot;2.2&quot;,&quot;credit&quot;:&quot;Edward F. Bacon&quot;,&quot;camera&quot;:&quot;Canon EOS-1D Mark IV&quot;,&quot;caption&quot;:&quot;Fjalls\\u00e1rl\\u00f3n is a glacier lake at the south end of the Icelandic glacier Vatnaj\\u00f6kull. Fjallsj\\u00f6kull which is part of the bigger glacier reaches down to the water of the lake and some ice-bergs are drifting by on its surface.\\rIt is situated not far from Skaftafell National Park and the better known glacier lake J\\u00f6kuls\\u00e1rl\\u00f3n. From the glacier lake Brei\\u00f0\\u00e1rl\\u00f3n a little river flows into the Fjalls\\u00e1rl\\u00f3n&quot;,&quot;created_timestamp&quot;:&quot;1362937432&quot;,&quot;copyright&quot;:&quot;\\u00a92013 Edward F. Bacon \\\/ Nantmeal Village, PA \\\/ All Rights Reserved&quot;,&quot;focal_length&quot;:&quot;24&quot;,&quot;iso&quot;:&quot;1600&quot;,&quot;shutter_speed&quot;:&quot;6&quot;,&quot;title&quot;:&quot;Auroa Borealis over Fjalls\\u00e1rl\\u00f3n&quot;,&quot;orientation&quot;:&quot;0&quot;}\" data-image-title=\"Auroa Borealis over Fjalls\u00e1rl\u00f3n\" data-image-description=\"\" data-medium-file=\"https:\/\/i0.wp.com\/www.edwardbacon.com\/blog\/wp-content\/uploads\/2013\/04\/wpid-Iceland-7501.jpg?fit=620%2C809&#038;ssl=1\" data-large-file=\"https:\/\/i0.wp.com\/www.edwardbacon.com\/blog\/wp-content\/uploads\/2013\/04\/wpid-Iceland-7501.jpg?fit=690%2C900&#038;ssl=1\" src=\"https:\/\/i0.wp.com\/www.edwardbacon.com\/blog\/wp-content\/uploads\/2013\/04\/wpid-Iceland-7501.jpg?w=393&#038;h=513&#038;ssl=1\" srcset=\"https:\/\/i0.wp.com\/www.edwardbacon.com\/blog\/wp-content\/uploads\/2013\/04\/wpid-Iceland-7501.jpg?w=690&amp;ssl=1 690w, https:\/\/i0.wp.com\/www.edwardbacon.com\/blog\/wp-content\/uploads\/2013\/04\/wpid-Iceland-7501.jpg?resize=620%2C809&amp;ssl=1 620w, https:\/\/i0.wp.com\/www.edwardbacon.com\/blog\/wp-content\/uploads\/2013\/04\/wpid-Iceland-7501.jpg?resize=570%2C743&amp;ssl=1 570w\" width=\"393\" height=\"513\" loading=\"lazy\" data-original-width=\"393\" data-original-height=\"513\" itemprop=\"http:\/\/schema.org\/image\" title=\"Auroa Borealis over Fjalls\u00e1rl\u00f3n\" alt=\"Fjalls\u00e1rl\u00f3n is a glacier lake at the south end of the Icelandic glacier Vatnaj\u00f6kull.\" style=\"width: 393px; height: 513px;\" \/> <\/a> <div class=\"tiled-gallery-caption\" itemprop=\"caption description\"> Fjalls\u00e1rl\u00f3n is a glacier lake at the south end of the Icelandic glacier Vatnaj\u00f6kull. <\/div> <\/div> <\/div> <!-- close group --> <\/div> <!-- close row --> <div class=\"gallery-row\" style=\"width: 1170px; height: 337px;\" data-original-width=\"1170\" data-original-height=\"337\" > <div class=\"gallery-group images-1\" style=\"width: 237px; height: 337px;\" data-original-width=\"237\" data-original-height=\"337\" > <div class=\"tiled-gallery-item tiled-gallery-item-small\" itemprop=\"associatedMedia\" itemscope itemtype=\"http:\/\/schema.org\/ImageObject\"> <a href=\"https:\/\/www.edwardbacon.com\/blog\/2013\/04\/iceland-aurora-borealis\/wpid-iceland-7493-jpg\/\" border=\"0\" itemprop=\"url\"> <meta itemprop=\"width\" content=\"233\"> <meta itemprop=\"height\" content=\"333\"> <img decoding=\"async\" class=\"\" data-attachment-id=\"1483\" data-orig-file=\"https:\/\/www.edwardbacon.com\/blog\/wp-content\/uploads\/2013\/04\/wpid-Iceland-7493.jpg\" data-orig-size=\"630,900\" data-comments-opened=\"1\" data-image-meta=\"{&quot;aperture&quot;:&quot;2&quot;,&quot;credit&quot;:&quot;Edward F. Bacon&quot;,&quot;camera&quot;:&quot;Canon EOS-1D Mark IV&quot;,&quot;caption&quot;:&quot;Fjalls\\u00e1rl\\u00f3n is a glacier lake at the south end of the Icelandic glacier Vatnaj\\u00f6kull. Fjallsj\\u00f6kull which is part of the bigger glacier reaches down to the water of the lake and some ice-bergs are drifting by on its surface.\\rIt is situated not far from Skaftafell National Park and the better known glacier lake J\\u00f6kuls\\u00e1rl\\u00f3n. From the glacier lake Brei\\u00f0\\u00e1rl\\u00f3n a little river flows into the Fjalls\\u00e1rl\\u00f3n&quot;,&quot;created_timestamp&quot;:&quot;1362937074&quot;,&quot;copyright&quot;:&quot;\\u00a92013 Edward F. Bacon \\\/ Nantmeal Village, PA \\\/ All Rights Reserved&quot;,&quot;focal_length&quot;:&quot;24&quot;,&quot;iso&quot;:&quot;1600&quot;,&quot;shutter_speed&quot;:&quot;6&quot;,&quot;title&quot;:&quot;Auroa Borealis over Fjalls\\u00e1rl\\u00f3n&quot;,&quot;orientation&quot;:&quot;0&quot;}\" data-image-title=\"Auroa Borealis over Fjalls\u00e1rl\u00f3n\" data-image-description=\"\" data-medium-file=\"https:\/\/i0.wp.com\/www.edwardbacon.com\/blog\/wp-content\/uploads\/2013\/04\/wpid-Iceland-7493.jpg?fit=620%2C886&#038;ssl=1\" data-large-file=\"https:\/\/i0.wp.com\/www.edwardbacon.com\/blog\/wp-content\/uploads\/2013\/04\/wpid-Iceland-7493.jpg?fit=630%2C900&#038;ssl=1\" src=\"https:\/\/i0.wp.com\/www.edwardbacon.com\/blog\/wp-content\/uploads\/2013\/04\/wpid-Iceland-7493.jpg?w=233&#038;h=333&#038;ssl=1\" srcset=\"https:\/\/i0.wp.com\/www.edwardbacon.com\/blog\/wp-content\/uploads\/2013\/04\/wpid-Iceland-7493.jpg?w=630&amp;ssl=1 630w, https:\/\/i0.wp.com\/www.edwardbacon.com\/blog\/wp-content\/uploads\/2013\/04\/wpid-Iceland-7493.jpg?resize=620%2C886&amp;ssl=1 620w, https:\/\/i0.wp.com\/www.edwardbacon.com\/blog\/wp-content\/uploads\/2013\/04\/wpid-Iceland-7493.jpg?resize=570%2C814&amp;ssl=1 570w\" width=\"233\" height=\"333\" loading=\"lazy\" data-original-width=\"233\" data-original-height=\"333\" itemprop=\"http:\/\/schema.org\/image\" title=\"Auroa Borealis over Fjalls\u00e1rl\u00f3n\" alt=\"Fjalls\u00e1rl\u00f3n is a glacier lake at the south end of the Icelandic glacier Vatnaj\u00f6kull.\" style=\"width: 233px; height: 333px;\" \/> <\/a> <div class=\"tiled-gallery-caption\" itemprop=\"caption description\"> Fjalls\u00e1rl\u00f3n is a glacier lake at the south end of the Icelandic glacier Vatnaj\u00f6kull. <\/div> <\/div> <\/div> <!-- close group --> <div class=\"gallery-group images-1\" style=\"width: 226px; height: 337px;\" data-original-width=\"226\" data-original-height=\"337\" > <div class=\"tiled-gallery-item tiled-gallery-item-small\" itemprop=\"associatedMedia\" itemscope itemtype=\"http:\/\/schema.org\/ImageObject\"> <a href=\"https:\/\/www.edwardbacon.com\/blog\/2013\/04\/iceland-aurora-borealis\/wpid-iceland-6948-jpg\/\" border=\"0\" itemprop=\"url\"> <meta itemprop=\"width\" content=\"222\"> <meta itemprop=\"height\" content=\"333\"> <img decoding=\"async\" class=\"\" data-attachment-id=\"1479\" data-orig-file=\"https:\/\/www.edwardbacon.com\/blog\/wp-content\/uploads\/2013\/04\/wpid-Iceland-6948.jpg\" data-orig-size=\"600,900\" data-comments-opened=\"1\" data-image-meta=\"{&quot;aperture&quot;:&quot;1.8&quot;,&quot;credit&quot;:&quot;Edward F. Bacon&quot;,&quot;camera&quot;:&quot;Canon EOS-1D Mark IV&quot;,&quot;caption&quot;:&quot;&quot;,&quot;created_timestamp&quot;:&quot;1362851920&quot;,&quot;copyright&quot;:&quot;\\u00a92013 Edward F. Bacon \\\/ Nantmeal Village, PA \\\/ All Rights Reserved&quot;,&quot;focal_length&quot;:&quot;24&quot;,&quot;iso&quot;:&quot;1600&quot;,&quot;shutter_speed&quot;:&quot;20&quot;,&quot;title&quot;:&quot;Auroa Borealis&quot;,&quot;orientation&quot;:&quot;0&quot;}\" data-image-title=\"Aurora over a stream\" data-image-description=\"\" data-medium-file=\"https:\/\/i0.wp.com\/www.edwardbacon.com\/blog\/wp-content\/uploads\/2013\/04\/wpid-Iceland-6948.jpg?fit=600%2C900&#038;ssl=1\" data-large-file=\"https:\/\/i0.wp.com\/www.edwardbacon.com\/blog\/wp-content\/uploads\/2013\/04\/wpid-Iceland-6948.jpg?fit=600%2C900&#038;ssl=1\" src=\"https:\/\/i0.wp.com\/www.edwardbacon.com\/blog\/wp-content\/uploads\/2013\/04\/wpid-Iceland-6948.jpg?w=222&#038;h=333&#038;ssl=1\" srcset=\"https:\/\/i0.wp.com\/www.edwardbacon.com\/blog\/wp-content\/uploads\/2013\/04\/wpid-Iceland-6948.jpg?w=600&amp;ssl=1 600w, https:\/\/i0.wp.com\/www.edwardbacon.com\/blog\/wp-content\/uploads\/2013\/04\/wpid-Iceland-6948.jpg?resize=570%2C855&amp;ssl=1 570w\" width=\"222\" height=\"333\" loading=\"lazy\" data-original-width=\"222\" data-original-height=\"333\" itemprop=\"http:\/\/schema.org\/image\" title=\"Aurora over a stream\" alt=\"Aurora over a stream located between Gullfoss and Geysir.\" style=\"width: 222px; height: 333px;\" \/> <\/a> <div class=\"tiled-gallery-caption\" itemprop=\"caption description\"> Aurora over a stream located between Gullfoss and Geysir. <\/div> <\/div> <\/div> <!-- close group --> <div class=\"gallery-group images-1\" style=\"width: 226px; height: 337px;\" data-original-width=\"226\" data-original-height=\"337\" > <div class=\"tiled-gallery-item tiled-gallery-item-small\" itemprop=\"associatedMedia\" itemscope itemtype=\"http:\/\/schema.org\/ImageObject\"> <a href=\"https:\/\/www.edwardbacon.com\/blog\/2013\/04\/iceland-aurora-borealis\/wpid-iceland-6954-jpg\/\" border=\"0\" itemprop=\"url\"> <meta itemprop=\"width\" content=\"222\"> <meta itemprop=\"height\" content=\"333\"> <img decoding=\"async\" class=\"\" data-attachment-id=\"1480\" data-orig-file=\"https:\/\/www.edwardbacon.com\/blog\/wp-content\/uploads\/2013\/04\/wpid-Iceland-6954.jpg\" data-orig-size=\"600,900\" data-comments-opened=\"1\" data-image-meta=\"{&quot;aperture&quot;:&quot;1.8&quot;,&quot;credit&quot;:&quot;Edward F. Bacon&quot;,&quot;camera&quot;:&quot;Canon EOS-1D Mark IV&quot;,&quot;caption&quot;:&quot;&quot;,&quot;created_timestamp&quot;:&quot;1362852285&quot;,&quot;copyright&quot;:&quot;\\u00a92013 Edward F. Bacon \\\/ Nantmeal Village, PA \\\/ All Rights Reserved&quot;,&quot;focal_length&quot;:&quot;24&quot;,&quot;iso&quot;:&quot;1600&quot;,&quot;shutter_speed&quot;:&quot;13&quot;,&quot;title&quot;:&quot;Auroa Borealis&quot;,&quot;orientation&quot;:&quot;0&quot;}\" data-image-title=\"Aurora over a stream\" data-image-description=\"\" data-medium-file=\"https:\/\/i0.wp.com\/www.edwardbacon.com\/blog\/wp-content\/uploads\/2013\/04\/wpid-Iceland-6954.jpg?fit=600%2C900&#038;ssl=1\" data-large-file=\"https:\/\/i0.wp.com\/www.edwardbacon.com\/blog\/wp-content\/uploads\/2013\/04\/wpid-Iceland-6954.jpg?fit=600%2C900&#038;ssl=1\" src=\"https:\/\/i0.wp.com\/www.edwardbacon.com\/blog\/wp-content\/uploads\/2013\/04\/wpid-Iceland-6954.jpg?w=222&#038;h=333&#038;ssl=1\" srcset=\"https:\/\/i0.wp.com\/www.edwardbacon.com\/blog\/wp-content\/uploads\/2013\/04\/wpid-Iceland-6954.jpg?w=600&amp;ssl=1 600w, https:\/\/i0.wp.com\/www.edwardbacon.com\/blog\/wp-content\/uploads\/2013\/04\/wpid-Iceland-6954.jpg?resize=570%2C855&amp;ssl=1 570w\" width=\"222\" height=\"333\" loading=\"lazy\" data-original-width=\"222\" data-original-height=\"333\" itemprop=\"http:\/\/schema.org\/image\" title=\"Aurora over a stream\" alt=\"Aurora over a stream located between Gullfoss and Geysir.\" style=\"width: 222px; height: 333px;\" \/> <\/a> <div class=\"tiled-gallery-caption\" itemprop=\"caption description\"> Aurora over a stream located between Gullfoss and Geysir. <\/div> <\/div> <\/div> <!-- close group --> <div class=\"gallery-group images-1\" style=\"width: 226px; height: 337px;\" data-original-width=\"226\" data-original-height=\"337\" > <div class=\"tiled-gallery-item tiled-gallery-item-small\" itemprop=\"associatedMedia\" itemscope itemtype=\"http:\/\/schema.org\/ImageObject\"> <a href=\"https:\/\/www.edwardbacon.com\/blog\/2013\/04\/iceland-aurora-borealis\/wpid-iceland-7488_edit_2141-jpg\/\" border=\"0\" itemprop=\"url\"> <meta itemprop=\"width\" content=\"222\"> <meta itemprop=\"height\" content=\"333\"> <img decoding=\"async\" class=\"\" data-attachment-id=\"1482\" data-orig-file=\"https:\/\/www.edwardbacon.com\/blog\/wp-content\/uploads\/2013\/04\/wpid-Iceland-7488_Edit_2141.jpg\" data-orig-size=\"600,900\" data-comments-opened=\"1\" data-image-meta=\"{&quot;aperture&quot;:&quot;2&quot;,&quot;credit&quot;:&quot;Edward F. Bacon&quot;,&quot;camera&quot;:&quot;Canon EOS-1D Mark IV&quot;,&quot;caption&quot;:&quot;Fjalls\\u00e1rl\\u00f3n is a glacier lake at the south end of the Icelandic glacier Vatnaj\\u00f6kull. Fjallsj\\u00f6kull which is part of the bigger glacier reaches down to the water of the lake and some ice-bergs are drifting by on its surface.\\rIt is situated not far from Skaftafell National Park and the better known glacier lake J\\u00f6kuls\\u00e1rl\\u00f3n. From the glacier lake Brei\\u00f0\\u00e1rl\\u00f3n a little river flows into the Fjalls\\u00e1rl\\u00f3n&quot;,&quot;created_timestamp&quot;:&quot;1362936898&quot;,&quot;copyright&quot;:&quot;\\u00a92013 Edward F. Bacon \\\/ Nantmeal Village, PA \\\/ All Rights Reserved&quot;,&quot;focal_length&quot;:&quot;24&quot;,&quot;iso&quot;:&quot;1600&quot;,&quot;shutter_speed&quot;:&quot;6&quot;,&quot;title&quot;:&quot;Auroa Borealis over Fjalls\\u00e1rl\\u00f3n&quot;,&quot;orientation&quot;:&quot;0&quot;}\" data-image-title=\"Auroa Borealis over Fjalls\u00e1rl\u00f3n\" data-image-description=\"\" data-medium-file=\"https:\/\/i0.wp.com\/www.edwardbacon.com\/blog\/wp-content\/uploads\/2013\/04\/wpid-Iceland-7488_Edit_2141.jpg?fit=600%2C900&#038;ssl=1\" data-large-file=\"https:\/\/i0.wp.com\/www.edwardbacon.com\/blog\/wp-content\/uploads\/2013\/04\/wpid-Iceland-7488_Edit_2141.jpg?fit=600%2C900&#038;ssl=1\" src=\"https:\/\/i0.wp.com\/www.edwardbacon.com\/blog\/wp-content\/uploads\/2013\/04\/wpid-Iceland-7488_Edit_2141.jpg?w=222&#038;h=333&#038;ssl=1\" srcset=\"https:\/\/i0.wp.com\/www.edwardbacon.com\/blog\/wp-content\/uploads\/2013\/04\/wpid-Iceland-7488_Edit_2141.jpg?w=600&amp;ssl=1 600w, https:\/\/i0.wp.com\/www.edwardbacon.com\/blog\/wp-content\/uploads\/2013\/04\/wpid-Iceland-7488_Edit_2141.jpg?resize=570%2C855&amp;ssl=1 570w\" width=\"222\" height=\"333\" loading=\"lazy\" data-original-width=\"222\" data-original-height=\"333\" itemprop=\"http:\/\/schema.org\/image\" title=\"Auroa Borealis over Fjalls\u00e1rl\u00f3n\" alt=\"Fjalls\u00e1rl\u00f3n is a glacier lake at the south end of the Icelandic glacier Vatnaj\u00f6kull.\" style=\"width: 222px; height: 333px;\" \/> <\/a> <div class=\"tiled-gallery-caption\" itemprop=\"caption description\"> Fjalls\u00e1rl\u00f3n is a glacier lake at the south end of the Icelandic glacier Vatnaj\u00f6kull. <\/div> <\/div> <\/div> <!-- close group --> <div class=\"gallery-group images-1\" style=\"width: 255px; height: 337px;\" data-original-width=\"255\" data-original-height=\"337\" > <div class=\"tiled-gallery-item tiled-gallery-item-large\" itemprop=\"associatedMedia\" itemscope itemtype=\"http:\/\/schema.org\/ImageObject\"> <a href=\"https:\/\/www.edwardbacon.com\/blog\/2013\/04\/iceland-aurora-borealis\/wpid-iceland-7619_edit_2070-jpg\/\" border=\"0\" itemprop=\"url\"> <meta itemprop=\"width\" content=\"251\"> <meta itemprop=\"height\" content=\"333\"> <img decoding=\"async\" class=\"\" data-attachment-id=\"1488\" data-orig-file=\"https:\/\/www.edwardbacon.com\/blog\/wp-content\/uploads\/2013\/04\/wpid-Iceland-7619_Edit_2070.jpg\" data-orig-size=\"677,900\" data-comments-opened=\"1\" data-image-meta=\"{&quot;aperture&quot;:&quot;4.5&quot;,&quot;credit&quot;:&quot;Edward F. Bacon&quot;,&quot;camera&quot;:&quot;Canon EOS-1D Mark IV&quot;,&quot;caption&quot;:&quot;J\\u00f6kuls\\u00e1rl\\u00f3n (literally \\u0022glacial river lagoon\\u0022) is a large glacial lagoon in southeast Iceland, on the borders of Vatnaj\\u00f6kull National Park. Situated at the head of Brei\\u00f0amerkurj\\u00f6kull, it evolved into a lagoon after the glacier started receding from the edge of the Atlantic Ocean.&quot;,&quot;created_timestamp&quot;:&quot;1362947819&quot;,&quot;copyright&quot;:&quot;\\u00a92013 Edward F. Bacon \\\/ Nantmeal Village, PA \\\/ All Rights Reserved&quot;,&quot;focal_length&quot;:&quot;24&quot;,&quot;iso&quot;:&quot;1600&quot;,&quot;shutter_speed&quot;:&quot;8&quot;,&quot;title&quot;:&quot;Auroa Borealis over J\\u00f6kuls\\u00e1rl\\u00f3n&quot;,&quot;orientation&quot;:&quot;0&quot;}\" data-image-title=\"light painting ice bergs\" data-image-description=\"\" data-medium-file=\"https:\/\/i0.wp.com\/www.edwardbacon.com\/blog\/wp-content\/uploads\/2013\/04\/wpid-Iceland-7619_Edit_2070.jpg?fit=620%2C824&#038;ssl=1\" data-large-file=\"https:\/\/i0.wp.com\/www.edwardbacon.com\/blog\/wp-content\/uploads\/2013\/04\/wpid-Iceland-7619_Edit_2070.jpg?fit=677%2C900&#038;ssl=1\" src=\"https:\/\/i0.wp.com\/www.edwardbacon.com\/blog\/wp-content\/uploads\/2013\/04\/wpid-Iceland-7619_Edit_2070.jpg?w=251&#038;h=333&#038;ssl=1\" srcset=\"https:\/\/i0.wp.com\/www.edwardbacon.com\/blog\/wp-content\/uploads\/2013\/04\/wpid-Iceland-7619_Edit_2070.jpg?w=677&amp;ssl=1 677w, https:\/\/i0.wp.com\/www.edwardbacon.com\/blog\/wp-content\/uploads\/2013\/04\/wpid-Iceland-7619_Edit_2070.jpg?resize=620%2C824&amp;ssl=1 620w, https:\/\/i0.wp.com\/www.edwardbacon.com\/blog\/wp-content\/uploads\/2013\/04\/wpid-Iceland-7619_Edit_2070.jpg?resize=570%2C758&amp;ssl=1 570w\" width=\"251\" height=\"333\" loading=\"lazy\" data-original-width=\"251\" data-original-height=\"333\" itemprop=\"http:\/\/schema.org\/image\" title=\"light painting ice bergs\" alt=\"J\u00f6kuls\u00e1rl\u00f3n (literally &quot;glacial river lagoon&quot;) is a large glacial lagoon in southeast Iceland,\" style=\"width: 251px; height: 333px;\" \/> <\/a> <div class=\"tiled-gallery-caption\" itemprop=\"caption description\"> J\u00f6kuls\u00e1rl\u00f3n (literally &#8220;glacial river lagoon&#8221;) is a large glacial lagoon in southeast Iceland, <\/div> <\/div> <\/div> <!-- close group --> <\/div> <!-- close row --> <div class=\"gallery-row\" style=\"width: 1170px; height: 540px;\" data-original-width=\"1170\" data-original-height=\"540\" > <div class=\"gallery-group images-1\" style=\"width: 362px; height: 540px;\" data-original-width=\"362\" data-original-height=\"540\" > <div class=\"tiled-gallery-item tiled-gallery-item-large\" itemprop=\"associatedMedia\" itemscope itemtype=\"http:\/\/schema.org\/ImageObject\"> <a href=\"https:\/\/www.edwardbacon.com\/blog\/2013\/04\/iceland-aurora-borealis\/wpid-iceland-6959_edit_2079-jpg\/\" border=\"0\" itemprop=\"url\"> <meta itemprop=\"width\" content=\"358\"> <meta itemprop=\"height\" content=\"536\"> <img decoding=\"async\" class=\"\" data-attachment-id=\"1481\" data-orig-file=\"https:\/\/www.edwardbacon.com\/blog\/wp-content\/uploads\/2013\/04\/wpid-Iceland-6959_Edit_2079.jpg\" data-orig-size=\"600,900\" data-comments-opened=\"1\" data-image-meta=\"{&quot;aperture&quot;:&quot;2&quot;,&quot;credit&quot;:&quot;Edward F. Bacon&quot;,&quot;camera&quot;:&quot;Canon EOS-1D Mark IV&quot;,&quot;caption&quot;:&quot;&quot;,&quot;created_timestamp&quot;:&quot;1362852622&quot;,&quot;copyright&quot;:&quot;\\u00a92013 Edward F. Bacon \\\/ Nantmeal Village, PA \\\/ All Rights Reserved&quot;,&quot;focal_length&quot;:&quot;24&quot;,&quot;iso&quot;:&quot;1600&quot;,&quot;shutter_speed&quot;:&quot;8&quot;,&quot;title&quot;:&quot;Auroa Borealis&quot;,&quot;orientation&quot;:&quot;0&quot;}\" data-image-title=\"Aurora and light painting of stream\" data-image-description=\"\" data-medium-file=\"https:\/\/i0.wp.com\/www.edwardbacon.com\/blog\/wp-content\/uploads\/2013\/04\/wpid-Iceland-6959_Edit_2079.jpg?fit=600%2C900&#038;ssl=1\" data-large-file=\"https:\/\/i0.wp.com\/www.edwardbacon.com\/blog\/wp-content\/uploads\/2013\/04\/wpid-Iceland-6959_Edit_2079.jpg?fit=600%2C900&#038;ssl=1\" src=\"https:\/\/i0.wp.com\/www.edwardbacon.com\/blog\/wp-content\/uploads\/2013\/04\/wpid-Iceland-6959_Edit_2079.jpg?w=358&#038;h=536&#038;ssl=1\" srcset=\"https:\/\/i0.wp.com\/www.edwardbacon.com\/blog\/wp-content\/uploads\/2013\/04\/wpid-Iceland-6959_Edit_2079.jpg?w=600&amp;ssl=1 600w, https:\/\/i0.wp.com\/www.edwardbacon.com\/blog\/wp-content\/uploads\/2013\/04\/wpid-Iceland-6959_Edit_2079.jpg?resize=570%2C855&amp;ssl=1 570w\" width=\"358\" height=\"536\" loading=\"lazy\" data-original-width=\"358\" data-original-height=\"536\" itemprop=\"http:\/\/schema.org\/image\" title=\"Aurora and light painting of stream\" alt=\"Aurora over a stream located between Gullfoss and Geysir.\" style=\"width: 358px; height: 536px;\" \/> <\/a> <div class=\"tiled-gallery-caption\" itemprop=\"caption description\"> Aurora over a stream located between Gullfoss and Geysir. <\/div> <\/div> <\/div> <!-- close group --> <div class=\"gallery-group images-1\" style=\"width: 808px; height: 540px;\" data-original-width=\"808\" data-original-height=\"540\" > <div class=\"tiled-gallery-item tiled-gallery-item-large\" itemprop=\"associatedMedia\" itemscope itemtype=\"http:\/\/schema.org\/ImageObject\"> <a href=\"https:\/\/www.edwardbacon.com\/blog\/2013\/04\/iceland-aurora-borealis\/wpid-iceland-0023_edit_2093-jpg\/\" border=\"0\" itemprop=\"url\"> <meta itemprop=\"width\" content=\"804\"> <meta itemprop=\"height\" content=\"536\"> <img decoding=\"async\" class=\"\" data-attachment-id=\"1489\" data-orig-file=\"https:\/\/www.edwardbacon.com\/blog\/wp-content\/uploads\/2013\/04\/wpid-Iceland-0023_Edit_2093.jpg\" data-orig-size=\"900,600\" data-comments-opened=\"1\" data-image-meta=\"{&quot;aperture&quot;:&quot;4.5&quot;,&quot;credit&quot;:&quot;Edward F. Bacon&quot;,&quot;camera&quot;:&quot;Canon EOS-1D Mark IV&quot;,&quot;caption&quot;:&quot;the continental drift between the North American and Eurasian Plates can be clearly seen in the cracks or faults which traverse the region, the biggest one, Almannagj\\u00e1, being a veritable canyon. This also causes the often-measurable earthquakes in the area.[7]\\rSome of the rifts are full of surprisingly clear water&quot;,&quot;created_timestamp&quot;:&quot;1363371984&quot;,&quot;copyright&quot;:&quot;\\u00a92013 Edward F. Bacon \\\/ Nantmeal Village, PA \\\/ All Rights Reserved&quot;,&quot;focal_length&quot;:&quot;17&quot;,&quot;iso&quot;:&quot;3200&quot;,&quot;shutter_speed&quot;:&quot;25&quot;,&quot;title&quot;:&quot;Auroa Borealis over \\u00deingvellir cracks&quot;,&quot;orientation&quot;:&quot;0&quot;}\" data-image-title=\"light painting a crack in the earth\" data-image-description=\"\" data-medium-file=\"https:\/\/i0.wp.com\/www.edwardbacon.com\/blog\/wp-content\/uploads\/2013\/04\/wpid-Iceland-0023_Edit_2093.jpg?fit=620%2C413&#038;ssl=1\" data-large-file=\"https:\/\/i0.wp.com\/www.edwardbacon.com\/blog\/wp-content\/uploads\/2013\/04\/wpid-Iceland-0023_Edit_2093.jpg?fit=900%2C600&#038;ssl=1\" src=\"https:\/\/i0.wp.com\/www.edwardbacon.com\/blog\/wp-content\/uploads\/2013\/04\/wpid-Iceland-0023_Edit_2093.jpg?w=804&#038;h=536&#038;ssl=1\" srcset=\"https:\/\/i0.wp.com\/www.edwardbacon.com\/blog\/wp-content\/uploads\/2013\/04\/wpid-Iceland-0023_Edit_2093.jpg?w=900&amp;ssl=1 900w, https:\/\/i0.wp.com\/www.edwardbacon.com\/blog\/wp-content\/uploads\/2013\/04\/wpid-Iceland-0023_Edit_2093.jpg?resize=620%2C413&amp;ssl=1 620w, https:\/\/i0.wp.com\/www.edwardbacon.com\/blog\/wp-content\/uploads\/2013\/04\/wpid-Iceland-0023_Edit_2093.jpg?resize=768%2C512&amp;ssl=1 768w, https:\/\/i0.wp.com\/www.edwardbacon.com\/blog\/wp-content\/uploads\/2013\/04\/wpid-Iceland-0023_Edit_2093.jpg?resize=570%2C380&amp;ssl=1 570w\" width=\"804\" height=\"536\" loading=\"lazy\" data-original-width=\"804\" data-original-height=\"536\" itemprop=\"http:\/\/schema.org\/image\" title=\"light painting a crack in the earth\" alt=\"The continental drift between the North American and Eurasian Plates can be clearly seen in the cracks or faults which traverse the \u00deingvellir region\" style=\"width: 804px; height: 536px;\" \/> <\/a> <div class=\"tiled-gallery-caption\" itemprop=\"caption description\"> The continental drift between the North American and Eurasian Plates can be clearly seen in the cracks or faults which traverse the \u00deingvellir region <\/div> <\/div> <\/div> <!-- close group --> <\/div> <!-- close row --> <div class=\"gallery-row\" style=\"width: 1170px; height: 1753px;\" data-original-width=\"1170\" data-original-height=\"1753\" > <div class=\"gallery-group images-1\" style=\"width: 1170px; height: 1753px;\" data-original-width=\"1170\" data-original-height=\"1753\" > <div class=\"tiled-gallery-item tiled-gallery-item-large\" itemprop=\"associatedMedia\" itemscope itemtype=\"http:\/\/schema.org\/ImageObject\"> <a href=\"https:\/\/www.edwardbacon.com\/blog\/2013\/04\/iceland-aurora-borealis\/wpid-iceland-0074_edit_2092-jpg\/\" border=\"0\" itemprop=\"url\"> <meta itemprop=\"width\" content=\"1166\"> <meta itemprop=\"height\" content=\"1749\"> <img decoding=\"async\" class=\"\" data-attachment-id=\"1491\" data-orig-file=\"https:\/\/www.edwardbacon.com\/blog\/wp-content\/uploads\/2013\/04\/wpid-Iceland-0074_Edit_2092.jpg\" data-orig-size=\"600,900\" data-comments-opened=\"1\" data-image-meta=\"{&quot;aperture&quot;:&quot;5&quot;,&quot;credit&quot;:&quot;Edward F. Bacon&quot;,&quot;camera&quot;:&quot;Canon EOS-1D Mark IV&quot;,&quot;caption&quot;:&quot;\\u00d6xar\\u00e1rfoss is a small waterfall in \\u00deingvellir National Park, Iceland. It flows from the river \\u00d6xar\\u00e1. The base of the waterfall is filled with rocks and is often very icy in winter.&quot;,&quot;created_timestamp&quot;:&quot;1363379905&quot;,&quot;copyright&quot;:&quot;\\u00a92013 Edward F. Bacon \\\/ Nantmeal Village, PA \\\/ All Rights Reserved&quot;,&quot;focal_length&quot;:&quot;17&quot;,&quot;iso&quot;:&quot;3200&quot;,&quot;shutter_speed&quot;:&quot;10&quot;,&quot;title&quot;:&quot;Auroa Borealis over \\u00d6xar\\u00e1rfoss&quot;,&quot;orientation&quot;:&quot;0&quot;}\" data-image-title=\"light painting Auroa Borealis over \u00d6xar\u00e1rfoss\" data-image-description=\"\" data-medium-file=\"https:\/\/i0.wp.com\/www.edwardbacon.com\/blog\/wp-content\/uploads\/2013\/04\/wpid-Iceland-0074_Edit_2092.jpg?fit=600%2C900&#038;ssl=1\" data-large-file=\"https:\/\/i0.wp.com\/www.edwardbacon.com\/blog\/wp-content\/uploads\/2013\/04\/wpid-Iceland-0074_Edit_2092.jpg?fit=600%2C900&#038;ssl=1\" src=\"https:\/\/i0.wp.com\/www.edwardbacon.com\/blog\/wp-content\/uploads\/2013\/04\/wpid-Iceland-0074_Edit_2092.jpg?w=1166&#038;h=1749&#038;ssl=1\" srcset=\"https:\/\/i0.wp.com\/www.edwardbacon.com\/blog\/wp-content\/uploads\/2013\/04\/wpid-Iceland-0074_Edit_2092.jpg?w=600&amp;ssl=1 600w, https:\/\/i0.wp.com\/www.edwardbacon.com\/blog\/wp-content\/uploads\/2013\/04\/wpid-Iceland-0074_Edit_2092.jpg?resize=570%2C855&amp;ssl=1 570w\" width=\"1166\" height=\"1749\" loading=\"lazy\" data-original-width=\"1166\" data-original-height=\"1749\" itemprop=\"http:\/\/schema.org\/image\" title=\"light painting Auroa Borealis over \u00d6xar\u00e1rfoss\" alt=\"\u00d6xar\u00e1rfoss is a small waterfall in \u00deingvellir National Park, Iceland.\" style=\"width: 1166px; height: 1749px;\" \/> <\/a> <div class=\"tiled-gallery-caption\" itemprop=\"caption description\"> \u00d6xar\u00e1rfoss is a small waterfall in \u00deingvellir National Park, Iceland. <\/div> <\/div> <\/div> <!-- close group --> <\/div> <!-- close row --> <\/div>\n<p>&nbsp;<\/p>\n","protected":false},"excerpt":{"rendered":"<p>I have returned from a photo trip to Iceland in mid March. Keeping with the theme of auroras and ice caves we went out most nights to capture the Aurora Borealis. The shuttle to the airport at the end of the trip confirmed that we picked the right time to be in Iceland for the [&hellip;]<\/p>\n","protected":false},"author":1,"featured_media":1483,"comment_status":"open","ping_status":"open","sticky":false,"template":"","format":"standard","meta":{"ngg_post_thumbnail":0,"jetpack_post_was_ever_published":false,"_jetpack_newsletter_access":"","_jetpack_dont_email_post_to_subs":false,"_jetpack_newsletter_tier_id":0,"_jetpack_memberships_contains_paywalled_content":false,"_jetpack_memberships_contains_paid_content":false,"footnotes":"","jetpack_publicize_message":"","jetpack_publicize_feature_enabled":true,"jetpack_social_post_already_shared":true,"jetpack_social_options":{"image_generator_settings":{"template":"highway","default_image_id":0,"font":"","enabled":false},"version":2}},"categories":[208,211],"tags":[601,48,598],"class_list":{"0":"post-1492","1":"post","2":"type-post","3":"status-publish","4":"format-standard","5":"has-post-thumbnail","7":"category-iceland","8":"category-landscape-photography","9":"tag-aurora-borealis","10":"tag-glacier","11":"tag-iceland","12":"czr-hentry"},"jetpack_publicize_connections":[],"jetpack_featured_media_url":"https:\/\/i0.wp.com\/www.edwardbacon.com\/blog\/wp-content\/uploads\/2013\/04\/wpid-Iceland-7493.jpg?fit=630%2C900&ssl=1","jetpack_shortlink":"https:\/\/wp.me\/p1FUJv-o4","jetpack_sharing_enabled":true,"jetpack_likes_enabled":true,"_links":{"self":[{"href":"https:\/\/www.edwardbacon.com\/blog\/wp-json\/wp\/v2\/posts\/1492","targetHints":{"allow":["GET"]}}],"collection":[{"href":"https:\/\/www.edwardbacon.com\/blog\/wp-json\/wp\/v2\/posts"}],"about":[{"href":"https:\/\/www.edwardbacon.com\/blog\/wp-json\/wp\/v2\/types\/post"}],"author":[{"embeddable":true,"href":"https:\/\/www.edwardbacon.com\/blog\/wp-json\/wp\/v2\/users\/1"}],"replies":[{"embeddable":true,"href":"https:\/\/www.edwardbacon.com\/blog\/wp-json\/wp\/v2\/comments?post=1492"}],"version-history":[{"count":0,"href":"https:\/\/www.edwardbacon.com\/blog\/wp-json\/wp\/v2\/posts\/1492\/revisions"}],"wp:featuredmedia":[{"embeddable":true,"href":"https:\/\/www.edwardbacon.com\/blog\/wp-json\/wp\/v2\/media\/1483"}],"wp:attachment":[{"href":"https:\/\/www.edwardbacon.com\/blog\/wp-json\/wp\/v2\/media?parent=1492"}],"wp:term":[{"taxonomy":"category","embeddable":true,"href":"https:\/\/www.edwardbacon.com\/blog\/wp-json\/wp\/v2\/categories?post=1492"},{"taxonomy":"post_tag","embeddable":true,"href":"https:\/\/www.edwardbacon.com\/blog\/wp-json\/wp\/v2\/tags?post=1492"}],"curies":[{"name":"wp","href":"https:\/\/api.w.org\/{rel}","templated":true}]}}